
{"id":56512,"date":"2016-04-06T22:13:41","date_gmt":"2016-04-07T01:13:41","guid":{"rendered":"http:\/\/www.sudoestehoje.com.br\/novoportal\/?p=56512"},"modified":"2016-04-06T22:13:41","modified_gmt":"2016-04-07T01:13:41","slug":"relator-aceita-pedido-de-impeachment-contra-dilma","status":"publish","type":"post","link":"https:\/\/www.sudoestehoje.com.br\/novoportal\/2016\/04\/06\/relator-aceita-pedido-de-impeachment-contra-dilma\/","title":{"rendered":"RELATOR ACEITA PEDIDO DE IMPEACHMENT CONTRA DILMA"},"content":{"rendered":"<p><a href=\"http:\/\/www.sudoestehoje.com.br\/novoportal\/wp-content\/uploads\/2016\/04\/relatorio-impeachment.jpg\" rel=\"attachment wp-att-56513\"><img loading=\"lazy\" decoding=\"async\" class=\"aligncenter size-medium wp-image-56513\" src=\"http:\/\/www.sudoestehoje.com.br\/novoportal\/wp-content\/uploads\/2016\/04\/relatorio-impeachment-500x300.jpg\" alt=\"relatorio-impeachment\" width=\"500\" height=\"300\" srcset=\"https:\/\/www.sudoestehoje.com.br\/novoportal\/wp-content\/uploads\/2016\/04\/relatorio-impeachment-500x300.jpg 500w, https:\/\/www.sudoestehoje.com.br\/novoportal\/wp-content\/uploads\/2016\/04\/relatorio-impeachment.jpg 699w\" sizes=\"auto, (max-width: 500px) 100vw, 500px\" \/><\/a><\/p>\n<p>O relator do processo de impeachment, deputado Jovair Arantes (PTB-GO), acatou a denuncia contra a presidente Dilma Rousseff por crimes de responsabilidade. Mesmo n\u00e3o tendo analisado o m\u00e9rito da den\u00fancia, o relator concluiu que existem \u201coutras quest\u00f5es de elevada gravidade\u201d.<\/p>\n<p>\u201cA magnitude e o alcance das viola\u00e7\u00f5es praticadas pela Presidente da Rep\u00fablica, em grave desvio dos seus deveres funcionais e em quebra da grande confian\u00e7a que lhe foi depositada, justifica a abertura do excepcional mecanismo presidencialista do impeachment, na medida em que resultou na usurpa\u00e7\u00e3o de uma das fun\u00e7\u00f5es mais importantes do Parlamento relativas \u00e0 delibera\u00e7\u00e3o das leis or\u00e7ament\u00e1rias e ao controle legislativo sobre os limites dos gastos p\u00fablicos, e que objetiva a prote\u00e7\u00e3o do er\u00e1rio p\u00fablico\u201d, diz trecho do parecer que a Ag\u00eancia Brasil teve acesso.<\/p>\n<p>A partir de agora, ser\u00e1 concedida vistas coletivas de duas sess\u00f5es legislativas e, de acordo com o cronograma de trabalho da comiss\u00e3o, o colegiado retomar\u00e1 os trabalhos na pr\u00f3xima sexta-feira (8) para discutir o parecer. O in\u00edcio da vota\u00e7\u00e3o do relat\u00f3rio est\u00e1 marcado para a pr\u00f3xima segunda-feira, 11, a partir das 17h. <em>Ag\u00eancia Brasil<\/em><\/p>\n","protected":false},"excerpt":{"rendered":"<p>O relator do processo de impeachment, deputado Jovair Arantes (PTB-GO), acatou a denuncia contra a presidente Dilma Rousseff por crimes de responsabilidade. Mesmo n\u00e3o tendo analisado o m\u00e9rito da den\u00fancia, o relator concluiu que existem \u201coutras quest\u00f5es de elevada gravidade\u201d. \u201cA magnitude e o alcance das viola\u00e7\u00f5es praticadas pela Presidente da Rep\u00fablica, em grave desvio [&hellip;]<\/p>\n","protected":false},"author":2,"featured_media":0,"comment_status":"open","ping_status":"open","sticky":false,"template":"","format":"standard","meta":{"footnotes":"","_links_to":"","_links_to_target":""},"categories":[1],"tags":[],"class_list":["post-56512","post","type-post","status-publish","format-standard","hentry","category-geral"],"views":1325,"_links":{"self":[{"href":"https:\/\/www.sudoestehoje.com.br\/novoportal\/wp-json\/wp\/v2\/posts\/56512","targetHints":{"allow":["GET"]}}],"collection":[{"href":"https:\/\/www.sudoestehoje.com.br\/novoportal\/wp-json\/wp\/v2\/posts"}],"about":[{"href":"https:\/\/www.sudoestehoje.com.br\/novoportal\/wp-json\/wp\/v2\/types\/post"}],"author":[{"embeddable":true,"href":"https:\/\/www.sudoestehoje.com.br\/novoportal\/wp-json\/wp\/v2\/users\/2"}],"replies":[{"embeddable":true,"href":"https:\/\/www.sudoestehoje.com.br\/novoportal\/wp-json\/wp\/v2\/comments?post=56512"}],"version-history":[{"count":2,"href":"https:\/\/www.sudoestehoje.com.br\/novoportal\/wp-json\/wp\/v2\/posts\/56512\/revisions"}],"predecessor-version":[{"id":56516,"href":"https:\/\/www.sudoestehoje.com.br\/novoportal\/wp-json\/wp\/v2\/posts\/56512\/revisions\/56516"}],"wp:attachment":[{"href":"https:\/\/www.sudoestehoje.com.br\/novoportal\/wp-json\/wp\/v2\/media?parent=56512"}],"wp:term":[{"taxonomy":"category","embeddable":true,"href":"https:\/\/www.sudoestehoje.com.br\/novoportal\/wp-json\/wp\/v2\/categories?post=56512"},{"taxonomy":"post_tag","embeddable":true,"href":"https:\/\/www.sudoestehoje.com.br\/novoportal\/wp-json\/wp\/v2\/tags?post=56512"}],"curies":[{"name":"wp","href":"https:\/\/api.w.org\/{rel}","templated":true}]}}