
{"id":56504,"date":"2016-04-06T21:20:43","date_gmt":"2016-04-07T00:20:43","guid":{"rendered":"http:\/\/www.sudoestehoje.com.br\/novoportal\/?p=56504"},"modified":"2016-04-06T21:22:42","modified_gmt":"2016-04-07T00:22:42","slug":"deputado-isidorio-leva-700-internos-de-sua-fundacao-para-ato-pro-dilma","status":"publish","type":"post","link":"https:\/\/www.sudoestehoje.com.br\/novoportal\/2016\/04\/06\/deputado-isidorio-leva-700-internos-de-sua-fundacao-para-ato-pro-dilma\/","title":{"rendered":"BAHIA: DEPUTADO ISID\u00d3RIO LEVA 700 INTERNOS DE SUA FUNDA\u00c7\u00c3O PARA ATO PR\u00d3-DILMA"},"content":{"rendered":"<p><a href=\"http:\/\/www.sudoestehoje.com.br\/novoportal\/wp-content\/uploads\/2016\/04\/isid.jpg\" rel=\"attachment wp-att-56505\"><img loading=\"lazy\" decoding=\"async\" class=\"aligncenter size-medium wp-image-56505\" src=\"http:\/\/www.sudoestehoje.com.br\/novoportal\/wp-content\/uploads\/2016\/04\/isid-500x350.jpg\" alt=\"isid\" width=\"500\" height=\"350\" srcset=\"https:\/\/www.sudoestehoje.com.br\/novoportal\/wp-content\/uploads\/2016\/04\/isid-500x350.jpg 500w, https:\/\/www.sudoestehoje.com.br\/novoportal\/wp-content\/uploads\/2016\/04\/isid.jpg 600w\" sizes=\"auto, (max-width: 500px) 100vw, 500px\" \/><\/a><\/p>\n<p>O n\u00famero dos chamados \u201cTimbaleiros de Cristo\u201d, da Funda\u00e7\u00e3o Dr. Jesus, presentes no ato em apoio \u00e0\u00a0presidente Dilma Rousseff chamou a aten\u00e7\u00e3o nesta quarta-feira (6). Inicialmente, o deputado estadual Pastor Sargento Isid\u00f3rio (PDT) disse que eram 250 homens e \u2013 irritado\u00a0\u2013\u00a0ainda questionou o porqu\u00ea da pergunta da reportagem do <strong>bahia.ba<\/strong>: \u201celes n\u00e3o s\u00e3o brasileiros, n\u00e3o?\u201d, reagiu. O\u00a0n\u00famero foi revisado em seguida para 700 pessoas, acompanhado de um pedido de desculpas pelo \u201cdestempero\u201d da resposta inicial, que foi justificada pelo calor do momento.<\/p>\n<p>De acordo com a Pol\u00edcia Militar, a manifesta\u00e7\u00e3o em defesa de Dilma conseguiu aglutinar cerca de mil manifestantes<a href=\"http:\/\/bahia.ba\/politica\/chuva-enfraquece-manifestacao-em-apoio-a-dilma-em-salvador\/\">,<\/a> o que d\u00e1 oficialmente aos batuqueiros de Isid\u00f3rio a representa\u00e7\u00e3o de 70% dos mobilizados contra o impeachment. A organiza\u00e7\u00e3o do protesto, no entanto, diz que o total de pessoas presentes na manifesta\u00e7\u00e3o foi de 7\u00a0mil pessoas.<\/p>\n<p>Os \u201csoldados\u201d do parlamentar s\u00e3o pessoas em reabilita\u00e7\u00e3o de depend\u00eancias qu\u00edmicas, internadas na\u00a0Funda\u00e7\u00e3o Dr. Jesus, localizada em Candeias, na Regi\u00e3o Metropolitana de Salvador, e presidida pelo deputado Isid\u00f3rio, uma das figuras que se colocam como postulantes \u00e0 prefeitura de Salvador no pleito municipal deste ano. Durante a sua apresenta\u00e7\u00e3o\/manifesto, os timbaleiros conquistaram o aceno de Dilma.<\/p>\n","protected":false},"excerpt":{"rendered":"<p>O n\u00famero dos chamados \u201cTimbaleiros de Cristo\u201d, da Funda\u00e7\u00e3o Dr. Jesus, presentes no ato em apoio \u00e0\u00a0presidente Dilma Rousseff chamou a aten\u00e7\u00e3o nesta quarta-feira (6). Inicialmente, o deputado estadual Pastor Sargento Isid\u00f3rio (PDT) disse que eram 250 homens e \u2013 irritado\u00a0\u2013\u00a0ainda questionou o porqu\u00ea da pergunta da reportagem do bahia.ba: \u201celes n\u00e3o s\u00e3o brasileiros, n\u00e3o?\u201d, [&hellip;]<\/p>\n","protected":false},"author":2,"featured_media":0,"comment_status":"open","ping_status":"open","sticky":false,"template":"","format":"standard","meta":{"footnotes":"","_links_to":"","_links_to_target":""},"categories":[1],"tags":[],"class_list":["post-56504","post","type-post","status-publish","format-standard","hentry","category-geral"],"views":2158,"_links":{"self":[{"href":"https:\/\/www.sudoestehoje.com.br\/novoportal\/wp-json\/wp\/v2\/posts\/56504","targetHints":{"allow":["GET"]}}],"collection":[{"href":"https:\/\/www.sudoestehoje.com.br\/novoportal\/wp-json\/wp\/v2\/posts"}],"about":[{"href":"https:\/\/www.sudoestehoje.com.br\/novoportal\/wp-json\/wp\/v2\/types\/post"}],"author":[{"embeddable":true,"href":"https:\/\/www.sudoestehoje.com.br\/novoportal\/wp-json\/wp\/v2\/users\/2"}],"replies":[{"embeddable":true,"href":"https:\/\/www.sudoestehoje.com.br\/novoportal\/wp-json\/wp\/v2\/comments?post=56504"}],"version-history":[{"count":3,"href":"https:\/\/www.sudoestehoje.com.br\/novoportal\/wp-json\/wp\/v2\/posts\/56504\/revisions"}],"predecessor-version":[{"id":56508,"href":"https:\/\/www.sudoestehoje.com.br\/novoportal\/wp-json\/wp\/v2\/posts\/56504\/revisions\/56508"}],"wp:attachment":[{"href":"https:\/\/www.sudoestehoje.com.br\/novoportal\/wp-json\/wp\/v2\/media?parent=56504"}],"wp:term":[{"taxonomy":"category","embeddable":true,"href":"https:\/\/www.sudoestehoje.com.br\/novoportal\/wp-json\/wp\/v2\/categories?post=56504"},{"taxonomy":"post_tag","embeddable":true,"href":"https:\/\/www.sudoestehoje.com.br\/novoportal\/wp-json\/wp\/v2\/tags?post=56504"}],"curies":[{"name":"wp","href":"https:\/\/api.w.org\/{rel}","templated":true}]}}