
{"id":56501,"date":"2016-04-06T21:13:29","date_gmt":"2016-04-07T00:13:29","guid":{"rendered":"http:\/\/www.sudoestehoje.com.br\/novoportal\/?p=56501"},"modified":"2016-04-06T21:13:29","modified_gmt":"2016-04-07T00:13:29","slug":"itororo-marcelo-andrade-deixa-secretaria-da-saude-taciana-aragao-assume","status":"publish","type":"post","link":"https:\/\/www.sudoestehoje.com.br\/novoportal\/2016\/04\/06\/itororo-marcelo-andrade-deixa-secretaria-da-saude-taciana-aragao-assume\/","title":{"rendered":"ITOROR\u00d3: MARCELO ANDRADE DEIXA SECRETARIA DA SA\u00daDE; TACIANA ARAG\u00c3O ASSUME"},"content":{"rendered":"<div><a href=\"http:\/\/www.sudoestehoje.com.br\/novoportal\/wp-content\/uploads\/2016\/04\/marcelo.jpg\" rel=\"attachment wp-att-56502\"><img loading=\"lazy\" decoding=\"async\" class=\"aligncenter  wp-image-56502\" src=\"http:\/\/www.sudoestehoje.com.br\/novoportal\/wp-content\/uploads\/2016\/04\/marcelo.jpg\" alt=\"marcelo\" width=\"500\" height=\"383\" \/><\/a><\/div>\n<div>Na \u00faltima semana a sa\u00edda de Marcelo Andrade da secretaria de sa\u00fade foi um dos assuntos mais comentados da cidade. Indicado como um dos mais atuantes secret\u00e1rios de sa\u00fade que Itoror\u00f3 j\u00e1 teve Marcelo tem seu nome envolvido em grandes trabalhos sociais na comunidade.\u00a0Recentemente, apoiado pelo prefeito Marco Brito e por todo o Governo do Bem III, Marcelo limitou o atendimento do hospital local para que uma grande reforma acontecesse atrav\u00e9s de uma Emenda de 2015 de R$ 1 milh\u00e3o de reais viabilizada pelo itororoense e deputado federal S\u00e9rgio Brito.<\/div>\n<div><\/div>\n<div>Marcelo se desligar\u00e1 da pasta da secretaria de sa\u00fade para se dedicar com fervor a campanha a reelei\u00e7\u00e3o do prefeito Marco Brito do PMDB. Com isso coloca a for\u00e7a do seu nome a servi\u00e7o total do Governo em todos os setores, n\u00e3o se fechando \u00fanica e exclusivamente ao setor da sa\u00fade.<\/div>\n<div><\/div>\n<div>Para substituir Marcelo a escolhida \u00e9 Taciana Arag\u00e3o, enfermeira concursada pelo munic\u00edpio de Itapetinga, onde atua h\u00e1 alguns anos no Posto de Sa\u00fade do Bandeira do Col\u00f4nia e no momento est\u00e1 afastada em\u00a0licen\u00e7a sem remunera\u00e7\u00e3o, formada pela UESC, Taciana j\u00e1 foi secret\u00e1ria municipal de sa\u00fade em 2009 e com essa expectativa recebe a secretaria de sa\u00fade do munic\u00edpio de Itoror\u00f3.\u00a0Informa\u00e7\u00f5es do Blog Itoror\u00f3 J\u00e1<\/div>\n","protected":false},"excerpt":{"rendered":"<p>Na \u00faltima semana a sa\u00edda de Marcelo Andrade da secretaria de sa\u00fade foi um dos assuntos mais comentados da cidade. Indicado como um dos mais atuantes secret\u00e1rios de sa\u00fade que Itoror\u00f3 j\u00e1 teve Marcelo tem seu nome envolvido em grandes trabalhos sociais na comunidade.\u00a0Recentemente, apoiado pelo prefeito Marco Brito e por todo o Governo do [&hellip;]<\/p>\n","protected":false},"author":2,"featured_media":0,"comment_status":"open","ping_status":"open","sticky":false,"template":"","format":"standard","meta":{"footnotes":"","_links_to":"","_links_to_target":""},"categories":[1],"tags":[],"class_list":["post-56501","post","type-post","status-publish","format-standard","hentry","category-geral"],"views":2414,"_links":{"self":[{"href":"https:\/\/www.sudoestehoje.com.br\/novoportal\/wp-json\/wp\/v2\/posts\/56501","targetHints":{"allow":["GET"]}}],"collection":[{"href":"https:\/\/www.sudoestehoje.com.br\/novoportal\/wp-json\/wp\/v2\/posts"}],"about":[{"href":"https:\/\/www.sudoestehoje.com.br\/novoportal\/wp-json\/wp\/v2\/types\/post"}],"author":[{"embeddable":true,"href":"https:\/\/www.sudoestehoje.com.br\/novoportal\/wp-json\/wp\/v2\/users\/2"}],"replies":[{"embeddable":true,"href":"https:\/\/www.sudoestehoje.com.br\/novoportal\/wp-json\/wp\/v2\/comments?post=56501"}],"version-history":[{"count":1,"href":"https:\/\/www.sudoestehoje.com.br\/novoportal\/wp-json\/wp\/v2\/posts\/56501\/revisions"}],"predecessor-version":[{"id":56503,"href":"https:\/\/www.sudoestehoje.com.br\/novoportal\/wp-json\/wp\/v2\/posts\/56501\/revisions\/56503"}],"wp:attachment":[{"href":"https:\/\/www.sudoestehoje.com.br\/novoportal\/wp-json\/wp\/v2\/media?parent=56501"}],"wp:term":[{"taxonomy":"category","embeddable":true,"href":"https:\/\/www.sudoestehoje.com.br\/novoportal\/wp-json\/wp\/v2\/categories?post=56501"},{"taxonomy":"post_tag","embeddable":true,"href":"https:\/\/www.sudoestehoje.com.br\/novoportal\/wp-json\/wp\/v2\/tags?post=56501"}],"curies":[{"name":"wp","href":"https:\/\/api.w.org\/{rel}","templated":true}]}}