
{"id":56497,"date":"2016-04-05T22:01:06","date_gmt":"2016-04-06T01:01:06","guid":{"rendered":"http:\/\/www.sudoestehoje.com.br\/novoportal\/?p=56497"},"modified":"2016-04-05T22:01:06","modified_gmt":"2016-04-06T01:01:06","slug":"ministro-marco-aurelio-tres-ideias-de-hospicio-numa-canetada-so","status":"publish","type":"post","link":"https:\/\/www.sudoestehoje.com.br\/novoportal\/2016\/04\/05\/ministro-marco-aurelio-tres-ideias-de-hospicio-numa-canetada-so\/","title":{"rendered":"MINISTRO MARCO AUR\u00c9LIO: TR\u00caS ID\u00c9IAS DE HOSP\u00cdCIO NUMA CANETADA S\u00d3"},"content":{"rendered":"<p><a href=\"http:\/\/www.sudoestehoje.com.br\/novoportal\/wp-content\/uploads\/2016\/04\/marco-aurc3a9lio.jpg\" rel=\"attachment wp-att-56498\"><img loading=\"lazy\" decoding=\"async\" class=\"size-full wp-image-56498 alignleft\" src=\"http:\/\/www.sudoestehoje.com.br\/novoportal\/wp-content\/uploads\/2016\/04\/marco-aurc3a9lio.jpg\" alt=\"marco-aurc3a9lio\" width=\"225\" height=\"225\" srcset=\"https:\/\/www.sudoestehoje.com.br\/novoportal\/wp-content\/uploads\/2016\/04\/marco-aurc3a9lio.jpg 225w, https:\/\/www.sudoestehoje.com.br\/novoportal\/wp-content\/uploads\/2016\/04\/marco-aurc3a9lio-150x150.jpg 150w\" sizes=\"auto, (max-width: 225px) 100vw, 225px\" \/><\/a><\/p>\n<p>Com uma canetada s\u00f3, Marco Aur\u00e9lio Mello acrescentou tr\u00eas ideias de hosp\u00edcio a um quadro pol\u00edtico que implora por sensatez. A primeira foi a inven\u00e7\u00e3o do impeachment do vice. A segunda transfere do Congresso para o Supremo Tribunal Federal delibera\u00e7\u00f5es sobre pedidos de impeachment. A terceira estabelece que uma mesma pedalada pode ser criminosa ou n\u00e3o. Depende de quem pedala.<\/p>\n<p>Marco Aur\u00e9lio repete h\u00e1 meses que as pedaladas bandalhas de Dilma Rousseff n\u00e3o servem como justificativa legal para o afastamento da presidente. Mas resolveu nesta manh\u00e3 que Michel Temer precisa ser julgado por pedaladas que s\u00f3 o ministro enxergou. Ainda bem que as inova\u00e7\u00f5es sem p\u00e9 nem cabe\u00e7a, como constatou o coment\u00e1rio de 1 minuto para o site de VEJA, ser\u00e3o sepultadas pela maioria do STF.<\/p>\n<p>Ainda assim, \u00e9 perturbador constatar a expans\u00e3o da epidemia de maluquice no cume do Poder Judici\u00e1rio. Se n\u00e3o for contida, acabar\u00e1 reduzindo o Supremo a uma confraria de ju\u00edzes sem ju\u00edzo.<\/p>\n<p><strong><em>Coluna do Augusto Nunes &#8211; Veja<\/em><\/strong><\/p>\n<p><img decoding=\"async\" class=\"aligncenter\" src=\"http:\/\/img.blogdoanderson.com\/publicidade\/cristo-redentor-02-15.jpg\" alt=\"\" \/><\/p>\n","protected":false},"excerpt":{"rendered":"<p>Com uma canetada s\u00f3, Marco Aur\u00e9lio Mello acrescentou tr\u00eas ideias de hosp\u00edcio a um quadro pol\u00edtico que implora por sensatez. A primeira foi a inven\u00e7\u00e3o do impeachment do vice. A segunda transfere do Congresso para o Supremo Tribunal Federal delibera\u00e7\u00f5es sobre pedidos de impeachment. A terceira estabelece que uma mesma pedalada pode ser criminosa ou [&hellip;]<\/p>\n","protected":false},"author":2,"featured_media":0,"comment_status":"open","ping_status":"open","sticky":false,"template":"","format":"standard","meta":{"footnotes":"","_links_to":"","_links_to_target":""},"categories":[1],"tags":[],"class_list":["post-56497","post","type-post","status-publish","format-standard","hentry","category-geral"],"views":1405,"_links":{"self":[{"href":"https:\/\/www.sudoestehoje.com.br\/novoportal\/wp-json\/wp\/v2\/posts\/56497","targetHints":{"allow":["GET"]}}],"collection":[{"href":"https:\/\/www.sudoestehoje.com.br\/novoportal\/wp-json\/wp\/v2\/posts"}],"about":[{"href":"https:\/\/www.sudoestehoje.com.br\/novoportal\/wp-json\/wp\/v2\/types\/post"}],"author":[{"embeddable":true,"href":"https:\/\/www.sudoestehoje.com.br\/novoportal\/wp-json\/wp\/v2\/users\/2"}],"replies":[{"embeddable":true,"href":"https:\/\/www.sudoestehoje.com.br\/novoportal\/wp-json\/wp\/v2\/comments?post=56497"}],"version-history":[{"count":2,"href":"https:\/\/www.sudoestehoje.com.br\/novoportal\/wp-json\/wp\/v2\/posts\/56497\/revisions"}],"predecessor-version":[{"id":56500,"href":"https:\/\/www.sudoestehoje.com.br\/novoportal\/wp-json\/wp\/v2\/posts\/56497\/revisions\/56500"}],"wp:attachment":[{"href":"https:\/\/www.sudoestehoje.com.br\/novoportal\/wp-json\/wp\/v2\/media?parent=56497"}],"wp:term":[{"taxonomy":"category","embeddable":true,"href":"https:\/\/www.sudoestehoje.com.br\/novoportal\/wp-json\/wp\/v2\/categories?post=56497"},{"taxonomy":"post_tag","embeddable":true,"href":"https:\/\/www.sudoestehoje.com.br\/novoportal\/wp-json\/wp\/v2\/tags?post=56497"}],"curies":[{"name":"wp","href":"https:\/\/api.w.org\/{rel}","templated":true}]}}