
{"id":56482,"date":"2016-04-05T01:01:29","date_gmt":"2016-04-05T04:01:29","guid":{"rendered":"http:\/\/www.sudoestehoje.com.br\/novoportal\/?p=56482"},"modified":"2016-04-05T01:04:40","modified_gmt":"2016-04-05T04:04:40","slug":"pt-e-planalto-ja-preveem-derrota-na-comissao-do-impeachment-e-querem-evitar-goleada","status":"publish","type":"post","link":"https:\/\/www.sudoestehoje.com.br\/novoportal\/2016\/04\/05\/pt-e-planalto-ja-preveem-derrota-na-comissao-do-impeachment-e-querem-evitar-goleada\/","title":{"rendered":"PT E PLANALTO J\u00c1 PREVEEM DERROTA NA COMISS\u00c3O DO IMPEACHMENT"},"content":{"rendered":"<p><a href=\"http:\/\/www.sudoestehoje.com.br\/novoportal\/wp-content\/uploads\/2016\/04\/GOLEADA.jpg\" rel=\"attachment wp-att-56483\"><img loading=\"lazy\" decoding=\"async\" class=\"aligncenter size-medium wp-image-56483\" src=\"http:\/\/www.sudoestehoje.com.br\/novoportal\/wp-content\/uploads\/2016\/04\/GOLEADA-500x384.jpg\" alt=\"GOLEADA\" width=\"500\" height=\"384\" srcset=\"https:\/\/www.sudoestehoje.com.br\/novoportal\/wp-content\/uploads\/2016\/04\/GOLEADA-500x384.jpg 500w, https:\/\/www.sudoestehoje.com.br\/novoportal\/wp-content\/uploads\/2016\/04\/GOLEADA.jpg 560w\" sizes=\"auto, (max-width: 500px) 100vw, 500px\" \/><\/a><\/p>\n<p>Diante da composi\u00e7\u00e3o desfavor\u00e1vel para o governo da comiss\u00e3o do impeachment, deputados do PT j\u00e1 preveem uma derrota no colegiado.<\/p>\n<p>A percep\u00e7\u00e3o negativa \u00e9 refor\u00e7ada pelo perfil do presidente e do relator da comiss\u00e3o, respectivamente Rog\u00e9rio Rosso e Jovair Arantes, considerados alinhados a Eduardo Cunha.<\/p>\n<p>Por isso, a estrat\u00e9gia dos defensores da presidente Dilma Rousseff \u00e9 mobilizar todos os esfor\u00e7os para evitar um placar el\u00e1stico na comiss\u00e3o.<\/p>\n<p>Quanto mais apertada for a vota\u00e7\u00e3o, maiores as chances de reverter o resultado no Plen\u00e1rio da C\u00e2mara e salvar o mandato da presidente, analisam petistas.<\/p>\n<p><img decoding=\"async\" class=\"aligncenter\" src=\"http:\/\/www.sudoestehoje.com.br\/novoportal\/wp-content\/uploads\/2014\/09\/supermoda.png\" alt=\"supermoda\" \/><\/p>\n","protected":false},"excerpt":{"rendered":"<p>Diante da composi\u00e7\u00e3o desfavor\u00e1vel para o governo da comiss\u00e3o do impeachment, deputados do PT j\u00e1 preveem uma derrota no colegiado. A percep\u00e7\u00e3o negativa \u00e9 refor\u00e7ada pelo perfil do presidente e do relator da comiss\u00e3o, respectivamente Rog\u00e9rio Rosso e Jovair Arantes, considerados alinhados a Eduardo Cunha. Por isso, a estrat\u00e9gia dos defensores da presidente Dilma Rousseff [&hellip;]<\/p>\n","protected":false},"author":2,"featured_media":0,"comment_status":"open","ping_status":"open","sticky":false,"template":"","format":"standard","meta":{"footnotes":"","_links_to":"","_links_to_target":""},"categories":[1],"tags":[],"class_list":["post-56482","post","type-post","status-publish","format-standard","hentry","category-geral"],"views":1491,"_links":{"self":[{"href":"https:\/\/www.sudoestehoje.com.br\/novoportal\/wp-json\/wp\/v2\/posts\/56482","targetHints":{"allow":["GET"]}}],"collection":[{"href":"https:\/\/www.sudoestehoje.com.br\/novoportal\/wp-json\/wp\/v2\/posts"}],"about":[{"href":"https:\/\/www.sudoestehoje.com.br\/novoportal\/wp-json\/wp\/v2\/types\/post"}],"author":[{"embeddable":true,"href":"https:\/\/www.sudoestehoje.com.br\/novoportal\/wp-json\/wp\/v2\/users\/2"}],"replies":[{"embeddable":true,"href":"https:\/\/www.sudoestehoje.com.br\/novoportal\/wp-json\/wp\/v2\/comments?post=56482"}],"version-history":[{"count":4,"href":"https:\/\/www.sudoestehoje.com.br\/novoportal\/wp-json\/wp\/v2\/posts\/56482\/revisions"}],"predecessor-version":[{"id":56487,"href":"https:\/\/www.sudoestehoje.com.br\/novoportal\/wp-json\/wp\/v2\/posts\/56482\/revisions\/56487"}],"wp:attachment":[{"href":"https:\/\/www.sudoestehoje.com.br\/novoportal\/wp-json\/wp\/v2\/media?parent=56482"}],"wp:term":[{"taxonomy":"category","embeddable":true,"href":"https:\/\/www.sudoestehoje.com.br\/novoportal\/wp-json\/wp\/v2\/categories?post=56482"},{"taxonomy":"post_tag","embeddable":true,"href":"https:\/\/www.sudoestehoje.com.br\/novoportal\/wp-json\/wp\/v2\/tags?post=56482"}],"curies":[{"name":"wp","href":"https:\/\/api.w.org\/{rel}","templated":true}]}}