
{"id":56479,"date":"2016-04-05T00:07:11","date_gmt":"2016-04-05T03:07:11","guid":{"rendered":"http:\/\/www.sudoestehoje.com.br\/novoportal\/?p=56479"},"modified":"2016-04-05T00:07:11","modified_gmt":"2016-04-05T03:07:11","slug":"ex-secretaria-rodou-a-baiana","status":"publish","type":"post","link":"https:\/\/www.sudoestehoje.com.br\/novoportal\/2016\/04\/05\/ex-secretaria-rodou-a-baiana\/","title":{"rendered":"EX-SECRET\u00c1RIA RODOU A BAIANA"},"content":{"rendered":"<p><a href=\"http:\/\/www.sudoestehoje.com.br\/novoportal\/wp-content\/uploads\/2016\/04\/Bate-boca.jpg\" rel=\"attachment wp-att-56480\"><img loading=\"lazy\" decoding=\"async\" class=\"aligncenter  wp-image-56480\" src=\"http:\/\/www.sudoestehoje.com.br\/novoportal\/wp-content\/uploads\/2016\/04\/Bate-boca-500x276.jpg\" alt=\"BateBoca_quadrado\" width=\"230\" height=\"127\" srcset=\"https:\/\/www.sudoestehoje.com.br\/novoportal\/wp-content\/uploads\/2016\/04\/Bate-boca-500x276.jpg 500w, https:\/\/www.sudoestehoje.com.br\/novoportal\/wp-content\/uploads\/2016\/04\/Bate-boca.jpg 520w\" sizes=\"auto, (max-width: 230px) 100vw, 230px\" \/><\/a><\/p>\n<p>Comenta-se que neste domingo, durante a Feira de Sa\u00fade, a primeira dama Cida Moura e a ex-secret\u00e1ria de educa\u00e7\u00e3o Sibele Nery, quase foram \u00e0s vias de fato, em plena pra\u00e7a. Foi uma baixaria s\u00f3, com Sibele desferindo ofensas contra a primeira dama. Houve bate boca e palavras de baixo cal\u00e3o. S\u00f3 n\u00e3o sa\u00edram no tapa porque os puxa sacos, tanto de um lado, quanto do outro, separaram a briga. A coisa foi feia. Sibele desceu das tamancas e rodou uma baiana, segundo quem se encontrava no local. O motivo \u00e9 \u00f3bvio: Cida puxou o tapete de Sibele e agora est\u00e1 limpando a \u00e1rea na Secretaria de Educa\u00e7\u00e3o, onde a turma de Sibele campeava. E isto \u00e9 s\u00f3 o come\u00e7o&#8230;<\/p>\n","protected":false},"excerpt":{"rendered":"<p>Comenta-se que neste domingo, durante a Feira de Sa\u00fade, a primeira dama Cida Moura e a ex-secret\u00e1ria de educa\u00e7\u00e3o Sibele Nery, quase foram \u00e0s vias de fato, em plena pra\u00e7a. Foi uma baixaria s\u00f3, com Sibele desferindo ofensas contra a primeira dama. Houve bate boca e palavras de baixo cal\u00e3o. S\u00f3 n\u00e3o sa\u00edram no tapa [&hellip;]<\/p>\n","protected":false},"author":2,"featured_media":0,"comment_status":"open","ping_status":"open","sticky":false,"template":"","format":"standard","meta":{"footnotes":"","_links_to":"","_links_to_target":""},"categories":[11],"tags":[],"class_list":["post-56479","post","type-post","status-publish","format-standard","hentry","category-quentinhas"],"views":1848,"_links":{"self":[{"href":"https:\/\/www.sudoestehoje.com.br\/novoportal\/wp-json\/wp\/v2\/posts\/56479","targetHints":{"allow":["GET"]}}],"collection":[{"href":"https:\/\/www.sudoestehoje.com.br\/novoportal\/wp-json\/wp\/v2\/posts"}],"about":[{"href":"https:\/\/www.sudoestehoje.com.br\/novoportal\/wp-json\/wp\/v2\/types\/post"}],"author":[{"embeddable":true,"href":"https:\/\/www.sudoestehoje.com.br\/novoportal\/wp-json\/wp\/v2\/users\/2"}],"replies":[{"embeddable":true,"href":"https:\/\/www.sudoestehoje.com.br\/novoportal\/wp-json\/wp\/v2\/comments?post=56479"}],"version-history":[{"count":1,"href":"https:\/\/www.sudoestehoje.com.br\/novoportal\/wp-json\/wp\/v2\/posts\/56479\/revisions"}],"predecessor-version":[{"id":56481,"href":"https:\/\/www.sudoestehoje.com.br\/novoportal\/wp-json\/wp\/v2\/posts\/56479\/revisions\/56481"}],"wp:attachment":[{"href":"https:\/\/www.sudoestehoje.com.br\/novoportal\/wp-json\/wp\/v2\/media?parent=56479"}],"wp:term":[{"taxonomy":"category","embeddable":true,"href":"https:\/\/www.sudoestehoje.com.br\/novoportal\/wp-json\/wp\/v2\/categories?post=56479"},{"taxonomy":"post_tag","embeddable":true,"href":"https:\/\/www.sudoestehoje.com.br\/novoportal\/wp-json\/wp\/v2\/tags?post=56479"}],"curies":[{"name":"wp","href":"https:\/\/api.w.org\/{rel}","templated":true}]}}