
{"id":56361,"date":"2016-03-31T17:57:32","date_gmt":"2016-03-31T20:57:32","guid":{"rendered":"http:\/\/www.sudoestehoje.com.br\/novoportal\/?p=56361"},"modified":"2016-03-31T17:57:32","modified_gmt":"2016-03-31T20:57:32","slug":"salvador-irmao-lazaro-assume-secretaria-no-governo-de-acm-neto","status":"publish","type":"post","link":"https:\/\/www.sudoestehoje.com.br\/novoportal\/2016\/03\/31\/salvador-irmao-lazaro-assume-secretaria-no-governo-de-acm-neto\/","title":{"rendered":"SALVADOR: IRM\u00c3O L\u00c1ZARO ASSUME SECRETARIA NO GOVERNO DE ACM NETO"},"content":{"rendered":"<p><a href=\"http:\/\/www.sudoestehoje.com.br\/novoportal\/wp-content\/uploads\/2016\/03\/irmao_lazaro_sofreu_ameaca_de-morte.jpg\" rel=\"attachment wp-att-56362\"><img loading=\"lazy\" decoding=\"async\" class=\"aligncenter size-medium wp-image-56362\" src=\"http:\/\/www.sudoestehoje.com.br\/novoportal\/wp-content\/uploads\/2016\/03\/irmao_lazaro_sofreu_ameaca_de-morte-500x333.jpg\" alt=\"irmao_lazaro_sofreu_ameaca_de-morte\" width=\"500\" height=\"333\" srcset=\"https:\/\/www.sudoestehoje.com.br\/novoportal\/wp-content\/uploads\/2016\/03\/irmao_lazaro_sofreu_ameaca_de-morte-500x333.jpg 500w, https:\/\/www.sudoestehoje.com.br\/novoportal\/wp-content\/uploads\/2016\/03\/irmao_lazaro_sofreu_ameaca_de-morte.jpg 640w\" sizes=\"auto, (max-width: 500px) 100vw, 500px\" \/><\/a><\/p>\n<p>O deputado federal Irm\u00e3o L\u00e1zaro (PSC) assumir\u00e1 a pasta de Rela\u00e7\u00f5es Institucionais de Salvador, como j\u00e1 se especulava. De acordo com fontes do Bahia Not\u00edcias, o cantor ficar\u00e1 no lugar de Heber Santana (PSC), que retorna para a C\u00e2mara Municipal de Salvador, para concorrer \u00e0 reelei\u00e7\u00e3o.<\/p>\n<p>Com a entrada de L\u00e1zaro no secretariado de Neto, o prefeito de Feira de Santana, Jos\u00e9 Ronaldo (DEM), respira aliviado, j\u00e1 que o evang\u00e9lico &#8211; terceiro deputado federal mais votado na Bahia em 2014 &#8211; pensava em concorrer \u00e0 prefeitura da cidade.<\/p>\n<p>Com a sa\u00edda de Irm\u00e3o Lazaro para ocupar a secretaria, o Pastor Luciano (PMB) assumir\u00e1 como suplente a vaga na C\u00e2mara dos Deputados. BN<\/p>\n","protected":false},"excerpt":{"rendered":"<p>O deputado federal Irm\u00e3o L\u00e1zaro (PSC) assumir\u00e1 a pasta de Rela\u00e7\u00f5es Institucionais de Salvador, como j\u00e1 se especulava. De acordo com fontes do Bahia Not\u00edcias, o cantor ficar\u00e1 no lugar de Heber Santana (PSC), que retorna para a C\u00e2mara Municipal de Salvador, para concorrer \u00e0 reelei\u00e7\u00e3o. Com a entrada de L\u00e1zaro no secretariado de Neto, [&hellip;]<\/p>\n","protected":false},"author":2,"featured_media":0,"comment_status":"open","ping_status":"open","sticky":false,"template":"","format":"standard","meta":{"footnotes":"","_links_to":"","_links_to_target":""},"categories":[1],"tags":[],"class_list":["post-56361","post","type-post","status-publish","format-standard","hentry","category-geral"],"views":4708,"_links":{"self":[{"href":"https:\/\/www.sudoestehoje.com.br\/novoportal\/wp-json\/wp\/v2\/posts\/56361","targetHints":{"allow":["GET"]}}],"collection":[{"href":"https:\/\/www.sudoestehoje.com.br\/novoportal\/wp-json\/wp\/v2\/posts"}],"about":[{"href":"https:\/\/www.sudoestehoje.com.br\/novoportal\/wp-json\/wp\/v2\/types\/post"}],"author":[{"embeddable":true,"href":"https:\/\/www.sudoestehoje.com.br\/novoportal\/wp-json\/wp\/v2\/users\/2"}],"replies":[{"embeddable":true,"href":"https:\/\/www.sudoestehoje.com.br\/novoportal\/wp-json\/wp\/v2\/comments?post=56361"}],"version-history":[{"count":1,"href":"https:\/\/www.sudoestehoje.com.br\/novoportal\/wp-json\/wp\/v2\/posts\/56361\/revisions"}],"predecessor-version":[{"id":56363,"href":"https:\/\/www.sudoestehoje.com.br\/novoportal\/wp-json\/wp\/v2\/posts\/56361\/revisions\/56363"}],"wp:attachment":[{"href":"https:\/\/www.sudoestehoje.com.br\/novoportal\/wp-json\/wp\/v2\/media?parent=56361"}],"wp:term":[{"taxonomy":"category","embeddable":true,"href":"https:\/\/www.sudoestehoje.com.br\/novoportal\/wp-json\/wp\/v2\/categories?post=56361"},{"taxonomy":"post_tag","embeddable":true,"href":"https:\/\/www.sudoestehoje.com.br\/novoportal\/wp-json\/wp\/v2\/tags?post=56361"}],"curies":[{"name":"wp","href":"https:\/\/api.w.org\/{rel}","templated":true}]}}