
{"id":56331,"date":"2016-03-29T18:02:36","date_gmt":"2016-03-29T21:02:36","guid":{"rendered":"http:\/\/www.sudoestehoje.com.br\/novoportal\/?p=56331"},"modified":"2016-03-29T18:02:36","modified_gmt":"2016-03-29T21:02:36","slug":"por-aclamacao-pmdb-oficializa-rompimento-com-governo-dilma","status":"publish","type":"post","link":"https:\/\/www.sudoestehoje.com.br\/novoportal\/2016\/03\/29\/por-aclamacao-pmdb-oficializa-rompimento-com-governo-dilma\/","title":{"rendered":"POR ACLAMA\u00c7\u00c3O, PMDB OFICIALIZA ROMPIMENTO COM GOVERNO DILMA"},"content":{"rendered":"<div class=\"materia-cabecalho\"><\/div>\n<div id=\"materia-letra\" class=\"materia-conteudo entry-content clearfix\">\n<div id=\"4918820\" class=\"video componente_materia\" data-height=\"349\" data-width=\"620\"><a href=\"http:\/\/www.sudoestehoje.com.br\/novoportal\/wp-content\/uploads\/2016\/03\/PMDB-ROMPE.jpg\" rel=\"attachment wp-att-56332\"><img loading=\"lazy\" decoding=\"async\" class=\"aligncenter size-medium wp-image-56332\" src=\"http:\/\/www.sudoestehoje.com.br\/novoportal\/wp-content\/uploads\/2016\/03\/PMDB-ROMPE-500x332.jpg\" alt=\"PMDB ROMPE\" width=\"500\" height=\"332\" srcset=\"https:\/\/www.sudoestehoje.com.br\/novoportal\/wp-content\/uploads\/2016\/03\/PMDB-ROMPE-500x332.jpg 500w, https:\/\/www.sudoestehoje.com.br\/novoportal\/wp-content\/uploads\/2016\/03\/PMDB-ROMPE-768x510.jpg 768w, https:\/\/www.sudoestehoje.com.br\/novoportal\/wp-content\/uploads\/2016\/03\/PMDB-ROMPE-700x465.jpg 700w, https:\/\/www.sudoestehoje.com.br\/novoportal\/wp-content\/uploads\/2016\/03\/PMDB-ROMPE.jpg 980w\" sizes=\"auto, (max-width: 500px) 100vw, 500px\" \/><\/a>O Diret\u00f3rio Nacional do PMDB decidiu nesta ter\u00e7a-feira (29), por aclama\u00e7\u00e3o, romper oficialmente com o governo da presidente Dilma Rousseff. Na reuni\u00e3o, a c\u00fapula peemedebista tamb\u00e9m determinou que os seis ministros do partido e os filiados que ocupam outros postos no Executivo federal entreguem seus cargos.<\/div>\n<p>O vice-presidente da Rep\u00fablica e presidente nacional do PMDB, Michel Temer, n\u00e3o participou da reuni\u00e3o que oficializou a ruptura com o governo sob o argumento de que n\u00e3o desejava &#8220;influenciar&#8221; a decis\u00e3o. No entanto, ele teve participa\u00e7\u00e3o ativa na mobiliza\u00e7\u00e3o pelo desembarque do partido e passou toda a segunda-feira (28) em reuni\u00f5es com parlamentares e ministros do PMDB em busca de uma decis\u00e3o \u201cun\u00e2nime\u201d.<\/p>\n<p>Comandada pelo primeiro vice-presidente do PMDB, senador Romero Juc\u00e1 (PMDB-RR), a reuni\u00e3o durou menos de cinco minutos. Ap\u00f3s consultar simbolicamente os integrantes do partido, Juc\u00e1 decretou o resultado da vota\u00e7\u00e3o.<\/p>\n<p>&#8220;A partir de hoje, nessa reuni\u00e3o hist\u00f3rica para o PMDB, o PMDB se retira da base do governo da presidente Dilma Rousseff e ningu\u00e9m no pa\u00eds est\u00e1 autorizado a exercer qualquer cargo federal em nome do PMDB&#8221;, enfatizou.<\/p>\n<\/div>\n","protected":false},"excerpt":{"rendered":"<p>O Diret\u00f3rio Nacional do PMDB decidiu nesta ter\u00e7a-feira (29), por aclama\u00e7\u00e3o, romper oficialmente com o governo da presidente Dilma Rousseff. Na reuni\u00e3o, a c\u00fapula peemedebista tamb\u00e9m determinou que os seis ministros do partido e os filiados que ocupam outros postos no Executivo federal entreguem seus cargos. O vice-presidente da Rep\u00fablica e presidente nacional do PMDB, [&hellip;]<\/p>\n","protected":false},"author":2,"featured_media":0,"comment_status":"open","ping_status":"open","sticky":false,"template":"","format":"standard","meta":{"footnotes":"","_links_to":"","_links_to_target":""},"categories":[1],"tags":[],"class_list":["post-56331","post","type-post","status-publish","format-standard","hentry","category-geral"],"views":1993,"_links":{"self":[{"href":"https:\/\/www.sudoestehoje.com.br\/novoportal\/wp-json\/wp\/v2\/posts\/56331","targetHints":{"allow":["GET"]}}],"collection":[{"href":"https:\/\/www.sudoestehoje.com.br\/novoportal\/wp-json\/wp\/v2\/posts"}],"about":[{"href":"https:\/\/www.sudoestehoje.com.br\/novoportal\/wp-json\/wp\/v2\/types\/post"}],"author":[{"embeddable":true,"href":"https:\/\/www.sudoestehoje.com.br\/novoportal\/wp-json\/wp\/v2\/users\/2"}],"replies":[{"embeddable":true,"href":"https:\/\/www.sudoestehoje.com.br\/novoportal\/wp-json\/wp\/v2\/comments?post=56331"}],"version-history":[{"count":1,"href":"https:\/\/www.sudoestehoje.com.br\/novoportal\/wp-json\/wp\/v2\/posts\/56331\/revisions"}],"predecessor-version":[{"id":56333,"href":"https:\/\/www.sudoestehoje.com.br\/novoportal\/wp-json\/wp\/v2\/posts\/56331\/revisions\/56333"}],"wp:attachment":[{"href":"https:\/\/www.sudoestehoje.com.br\/novoportal\/wp-json\/wp\/v2\/media?parent=56331"}],"wp:term":[{"taxonomy":"category","embeddable":true,"href":"https:\/\/www.sudoestehoje.com.br\/novoportal\/wp-json\/wp\/v2\/categories?post=56331"},{"taxonomy":"post_tag","embeddable":true,"href":"https:\/\/www.sudoestehoje.com.br\/novoportal\/wp-json\/wp\/v2\/tags?post=56331"}],"curies":[{"name":"wp","href":"https:\/\/api.w.org\/{rel}","templated":true}]}}