
{"id":56322,"date":"2016-03-29T00:17:49","date_gmt":"2016-03-29T03:17:49","guid":{"rendered":"http:\/\/www.sudoestehoje.com.br\/novoportal\/?p=56322"},"modified":"2016-03-29T00:17:49","modified_gmt":"2016-03-29T03:17:49","slug":"ninguem-quer-comprar-a-cesta-do-povo","status":"publish","type":"post","link":"https:\/\/www.sudoestehoje.com.br\/novoportal\/2016\/03\/29\/ninguem-quer-comprar-a-cesta-do-povo\/","title":{"rendered":"NINGU\u00c9M QUER COMPRAR A CESTA DO POVO"},"content":{"rendered":"<p><a href=\"http:\/\/www.sudoestehoje.com.br\/novoportal\/wp-content\/uploads\/2016\/03\/CESTA-DO-POVO1.jpg\" rel=\"attachment wp-att-56323\"><img loading=\"lazy\" decoding=\"async\" class=\"aligncenter size-medium wp-image-56323\" src=\"http:\/\/www.sudoestehoje.com.br\/novoportal\/wp-content\/uploads\/2016\/03\/CESTA-DO-POVO1-500x321.jpg\" alt=\"CESTA-DO-POVO1\" width=\"500\" height=\"321\" srcset=\"https:\/\/www.sudoestehoje.com.br\/novoportal\/wp-content\/uploads\/2016\/03\/CESTA-DO-POVO1-500x321.jpg 500w, https:\/\/www.sudoestehoje.com.br\/novoportal\/wp-content\/uploads\/2016\/03\/CESTA-DO-POVO1-768x492.jpg 768w, https:\/\/www.sudoestehoje.com.br\/novoportal\/wp-content\/uploads\/2016\/03\/CESTA-DO-POVO1-700x449.jpg 700w, https:\/\/www.sudoestehoje.com.br\/novoportal\/wp-content\/uploads\/2016\/03\/CESTA-DO-POVO1.jpg 1600w\" sizes=\"auto, (max-width: 500px) 100vw, 500px\" \/><\/a><\/p>\n<p>O governo do estado adiou o leil\u00e3o para a venda da Empresa Baiana de Alimentos (Ebal), conhecida como Cesta do Povo. O leil\u00e3o estava marcado inicialmente para o dia 27 de janeiro de 2016, na Bolsa de Valores de S\u00e3o Paulo, com o pre\u00e7o m\u00ednimo da empresa foi fixado em R$ 81 milh\u00f5es.<\/p>\n<p>Depois informa\u00e7\u00f5es da Secretaria de Desenvolvimento Econ\u00f4mico, a quem est\u00e1 vinculada a Ebal, indicavam que o leil\u00e3o seria em mar\u00e7o, mas o evento foi adiado novamente e n\u00e3o tem data marcada.<\/p>\n<p>Segundo informa\u00e7\u00f5es, apenas um grupo mostrou interesse pela empresa, mas com pouca possibilidades de atingir o pre\u00e7o m\u00ednimo. Mais de 20 lojas da Cesta do Povo j\u00e1 foram fechadas pela Empresa Baiana de Alimentos (Ebal) e devem chegar a 35 no final do processo.<\/p>\n","protected":false},"excerpt":{"rendered":"<p>O governo do estado adiou o leil\u00e3o para a venda da Empresa Baiana de Alimentos (Ebal), conhecida como Cesta do Povo. O leil\u00e3o estava marcado inicialmente para o dia 27 de janeiro de 2016, na Bolsa de Valores de S\u00e3o Paulo, com o pre\u00e7o m\u00ednimo da empresa foi fixado em R$ 81 milh\u00f5es. Depois informa\u00e7\u00f5es [&hellip;]<\/p>\n","protected":false},"author":2,"featured_media":0,"comment_status":"open","ping_status":"open","sticky":false,"template":"","format":"standard","meta":{"footnotes":"","_links_to":"","_links_to_target":""},"categories":[1],"tags":[],"class_list":["post-56322","post","type-post","status-publish","format-standard","hentry","category-geral"],"views":2339,"_links":{"self":[{"href":"https:\/\/www.sudoestehoje.com.br\/novoportal\/wp-json\/wp\/v2\/posts\/56322","targetHints":{"allow":["GET"]}}],"collection":[{"href":"https:\/\/www.sudoestehoje.com.br\/novoportal\/wp-json\/wp\/v2\/posts"}],"about":[{"href":"https:\/\/www.sudoestehoje.com.br\/novoportal\/wp-json\/wp\/v2\/types\/post"}],"author":[{"embeddable":true,"href":"https:\/\/www.sudoestehoje.com.br\/novoportal\/wp-json\/wp\/v2\/users\/2"}],"replies":[{"embeddable":true,"href":"https:\/\/www.sudoestehoje.com.br\/novoportal\/wp-json\/wp\/v2\/comments?post=56322"}],"version-history":[{"count":1,"href":"https:\/\/www.sudoestehoje.com.br\/novoportal\/wp-json\/wp\/v2\/posts\/56322\/revisions"}],"predecessor-version":[{"id":56324,"href":"https:\/\/www.sudoestehoje.com.br\/novoportal\/wp-json\/wp\/v2\/posts\/56322\/revisions\/56324"}],"wp:attachment":[{"href":"https:\/\/www.sudoestehoje.com.br\/novoportal\/wp-json\/wp\/v2\/media?parent=56322"}],"wp:term":[{"taxonomy":"category","embeddable":true,"href":"https:\/\/www.sudoestehoje.com.br\/novoportal\/wp-json\/wp\/v2\/categories?post=56322"},{"taxonomy":"post_tag","embeddable":true,"href":"https:\/\/www.sudoestehoje.com.br\/novoportal\/wp-json\/wp\/v2\/tags?post=56322"}],"curies":[{"name":"wp","href":"https:\/\/api.w.org\/{rel}","templated":true}]}}