
{"id":56303,"date":"2016-03-28T17:52:39","date_gmt":"2016-03-28T20:52:39","guid":{"rendered":"http:\/\/www.sudoestehoje.com.br\/novoportal\/?p=56303"},"modified":"2016-03-28T17:52:39","modified_gmt":"2016-03-28T20:52:39","slug":"psd-libera-bancada-para-votar-a-favor-do-impeachment","status":"publish","type":"post","link":"https:\/\/www.sudoestehoje.com.br\/novoportal\/2016\/03\/28\/psd-libera-bancada-para-votar-a-favor-do-impeachment\/","title":{"rendered":"PSD LIBERA BANCADA PARA VOTAR A FAVOR DO IMPEACHMENT"},"content":{"rendered":"<div id=\"attachment_56304\" style=\"width: 510px\" class=\"wp-caption aligncenter\"><a href=\"http:\/\/www.sudoestehoje.com.br\/novoportal\/wp-content\/uploads\/2016\/03\/min-gilberto-kassab-by-antonio-cruz.jpg\" rel=\"attachment wp-att-56304\"><img loading=\"lazy\" decoding=\"async\" aria-describedby=\"caption-attachment-56304\" class=\"size-medium wp-image-56304\" src=\"http:\/\/www.sudoestehoje.com.br\/novoportal\/wp-content\/uploads\/2016\/03\/min-gilberto-kassab-by-antonio-cruz-500x290.jpg\" alt=\"&quot;DONO&quot; DO PARTIDO, GILBERTO KASSAB OCUPA O MINIST\u00c9RIO DAS CIDADES\" width=\"500\" height=\"290\" srcset=\"https:\/\/www.sudoestehoje.com.br\/novoportal\/wp-content\/uploads\/2016\/03\/min-gilberto-kassab-by-antonio-cruz-500x290.jpg 500w, https:\/\/www.sudoestehoje.com.br\/novoportal\/wp-content\/uploads\/2016\/03\/min-gilberto-kassab-by-antonio-cruz-768x445.jpg 768w, https:\/\/www.sudoestehoje.com.br\/novoportal\/wp-content\/uploads\/2016\/03\/min-gilberto-kassab-by-antonio-cruz-700x406.jpg 700w, https:\/\/www.sudoestehoje.com.br\/novoportal\/wp-content\/uploads\/2016\/03\/min-gilberto-kassab-by-antonio-cruz.jpg 1500w\" sizes=\"auto, (max-width: 500px) 100vw, 500px\" \/><\/a><p id=\"caption-attachment-56304\" class=\"wp-caption-text\">&#8220;DONO&#8221; DO PARTIDO, GILBERTO KASSAB OCUPA O MINIST\u00c9RIO DAS CIDADES<\/p><\/div>\n<p>A um dia da reuni\u00e3o do diret\u00f3rio nacional do PMDB que deve aprovar o rompimento do partido com o governo Dilma, outras legendas do chamado &#8220;centr\u00e3o&#8221; da base aliada come\u00e7aram a dar sinais mais fortes de que tamb\u00e9m poder\u00e3o desembarcar em breve.<\/p>\n<p>\u00c0 frente do Minist\u00e9rio das Cidades, o PSD decidiu liberar seus 31 deputados para votar como quiserem em rela\u00e7\u00e3o ao impeachment na C\u00e2mara. O PP, que comanda o Minist\u00e9rio da Integra\u00e7\u00e3o, j\u00e1 cogita tamb\u00e9m liberar oficialmente sua bancada, a terceira maior da Casa, com 49 parlamentares.<\/p>\n<p>No PSD, a libera\u00e7\u00e3o teve anu\u00eancia do ministro das Cidades e presidente nacional da sigla, Gilberto Kassab. Apesar de a not\u00edcia ter vindo \u00e0 tona somente hoje, deputados afirmam que o l\u00edder do partido na C\u00e2mara, Rog\u00e9rio Rosso (DF), j\u00e1 tinha anunciado a libera\u00e7\u00e3o desde antes de se tornar presidente da comiss\u00e3o do impeachment.<\/p>\n<p>De acordo com um dirigente do PSD, atualmente, pelo menos 70% da bancada da C\u00e2mara \u00e9 favor\u00e1vel ao impeachment. Esse l\u00edder afirma que a tend\u00eancia \u00e9 de que, assim como os deputados, a bancada do partido no Senado, composta por tr\u00eas senadores, tamb\u00e9m seja liberada para votar como quiser.<\/p>\n","protected":false},"excerpt":{"rendered":"<p>A um dia da reuni\u00e3o do diret\u00f3rio nacional do PMDB que deve aprovar o rompimento do partido com o governo Dilma, outras legendas do chamado &#8220;centr\u00e3o&#8221; da base aliada come\u00e7aram a dar sinais mais fortes de que tamb\u00e9m poder\u00e3o desembarcar em breve. \u00c0 frente do Minist\u00e9rio das Cidades, o PSD decidiu liberar seus 31 deputados [&hellip;]<\/p>\n","protected":false},"author":2,"featured_media":0,"comment_status":"open","ping_status":"open","sticky":false,"template":"","format":"standard","meta":{"footnotes":"","_links_to":"","_links_to_target":""},"categories":[1],"tags":[],"class_list":["post-56303","post","type-post","status-publish","format-standard","hentry","category-geral"],"views":1195,"_links":{"self":[{"href":"https:\/\/www.sudoestehoje.com.br\/novoportal\/wp-json\/wp\/v2\/posts\/56303","targetHints":{"allow":["GET"]}}],"collection":[{"href":"https:\/\/www.sudoestehoje.com.br\/novoportal\/wp-json\/wp\/v2\/posts"}],"about":[{"href":"https:\/\/www.sudoestehoje.com.br\/novoportal\/wp-json\/wp\/v2\/types\/post"}],"author":[{"embeddable":true,"href":"https:\/\/www.sudoestehoje.com.br\/novoportal\/wp-json\/wp\/v2\/users\/2"}],"replies":[{"embeddable":true,"href":"https:\/\/www.sudoestehoje.com.br\/novoportal\/wp-json\/wp\/v2\/comments?post=56303"}],"version-history":[{"count":1,"href":"https:\/\/www.sudoestehoje.com.br\/novoportal\/wp-json\/wp\/v2\/posts\/56303\/revisions"}],"predecessor-version":[{"id":56305,"href":"https:\/\/www.sudoestehoje.com.br\/novoportal\/wp-json\/wp\/v2\/posts\/56303\/revisions\/56305"}],"wp:attachment":[{"href":"https:\/\/www.sudoestehoje.com.br\/novoportal\/wp-json\/wp\/v2\/media?parent=56303"}],"wp:term":[{"taxonomy":"category","embeddable":true,"href":"https:\/\/www.sudoestehoje.com.br\/novoportal\/wp-json\/wp\/v2\/categories?post=56303"},{"taxonomy":"post_tag","embeddable":true,"href":"https:\/\/www.sudoestehoje.com.br\/novoportal\/wp-json\/wp\/v2\/tags?post=56303"}],"curies":[{"name":"wp","href":"https:\/\/api.w.org\/{rel}","templated":true}]}}