
{"id":56290,"date":"2016-03-27T20:08:17","date_gmt":"2016-03-27T23:08:17","guid":{"rendered":"http:\/\/www.sudoestehoje.com.br\/novoportal\/?p=56290"},"modified":"2016-03-27T21:21:20","modified_gmt":"2016-03-28T00:21:20","slug":"eleicoes-delegado-roberto-junior-dividido-entre-a-situacao-e-a-oposicao","status":"publish","type":"post","link":"https:\/\/www.sudoestehoje.com.br\/novoportal\/2016\/03\/27\/eleicoes-delegado-roberto-junior-dividido-entre-a-situacao-e-a-oposicao\/","title":{"rendered":"ELEI\u00c7\u00d5ES: DELEGADO ROBERTO JUNIOR DIVIDIDO ENTRE A SITUA\u00c7\u00c3O E A OPOSI\u00c7\u00c3O"},"content":{"rendered":"<p><a href=\"http:\/\/www.sudoestehoje.com.br\/novoportal\/wp-content\/uploads\/2016\/03\/Dr-Roberto5.jpg\" rel=\"attachment wp-att-56291\"><img loading=\"lazy\" decoding=\"async\" class=\"wp-image-56291 alignleft\" src=\"http:\/\/www.sudoestehoje.com.br\/novoportal\/wp-content\/uploads\/2016\/03\/Dr-Roberto5.jpg\" alt=\"Dr-Roberto5\" width=\"251\" height=\"281\" \/><\/a><\/p>\n<p>Tido como um dos nomes mais cotados para disputar a elei\u00e7\u00e3o para prefeito de Itapetinga, em outubro, o delegado de pol\u00edcia Ant\u00f4nio Roberto Junior ainda n\u00e3o definiu o seu futuro pol\u00edtico, mas pode participar do pleito, caso aceite um dos convites que recebeu para se filiar a algum partido pol\u00edtico, tanto da situa\u00e7\u00e3o, quanto da oposi\u00e7\u00e3o.<\/p>\n<p>Diante das especula\u00e7\u00f5es que correm nos meios pol\u00edticos, o Sudoeste Hoje conversou com o Dr. Roberto Junior e indagou se ele j\u00e1 havia escolhido a sua futura sigla partid\u00e1ria, recebendo do delegado a seguinte resposta:<\/p>\n<p><em>&#8220;Fico feliz por meu nome ser lembrado, quero o melhor para Itapetinga. Tenho tido conversas avan\u00e7adas, tanto com a situa\u00e7\u00e3o, quanto com a oposi\u00e7\u00e3o. Sem demagogia, quero o melhor para a cidade, pouco importando se situa\u00e7\u00e3o ou oposi\u00e7\u00e3o. Minha vis\u00e3o \u00e9 racional. A oposi\u00e7\u00e3o local n\u00e3o me procurou sequer para uma conversa. Fui procurado e tenho conversado com a oposi\u00e7\u00e3o a n\u00edvel de Estado. Sandro R\u00e9gis e ACM Neto&#8221;, <\/em>revelou o jovem delegado.<\/p>\n<p>O prazo para filia\u00e7\u00e3o partid\u00e1ria dos pretensos candidatos \u00e0s elei\u00e7\u00f5es de outubro encerra no pr\u00f3ximo s\u00e1bado, dia 2 de abril. At\u00e9 l\u00e1, quem sabe, o nosso delegado decide para que lado vai. Ou n\u00e3o vai?<\/p>\n<p><strong><em>Por Davi Ferraz<\/em><\/strong><\/p>\n","protected":false},"excerpt":{"rendered":"<p>Tido como um dos nomes mais cotados para disputar a elei\u00e7\u00e3o para prefeito de Itapetinga, em outubro, o delegado de pol\u00edcia Ant\u00f4nio Roberto Junior ainda n\u00e3o definiu o seu futuro pol\u00edtico, mas pode participar do pleito, caso aceite um dos convites que recebeu para se filiar a algum partido pol\u00edtico, tanto da situa\u00e7\u00e3o, quanto da [&hellip;]<\/p>\n","protected":false},"author":2,"featured_media":0,"comment_status":"open","ping_status":"open","sticky":false,"template":"","format":"standard","meta":{"footnotes":"","_links_to":"","_links_to_target":""},"categories":[1],"tags":[],"class_list":["post-56290","post","type-post","status-publish","format-standard","hentry","category-geral"],"views":3009,"_links":{"self":[{"href":"https:\/\/www.sudoestehoje.com.br\/novoportal\/wp-json\/wp\/v2\/posts\/56290","targetHints":{"allow":["GET"]}}],"collection":[{"href":"https:\/\/www.sudoestehoje.com.br\/novoportal\/wp-json\/wp\/v2\/posts"}],"about":[{"href":"https:\/\/www.sudoestehoje.com.br\/novoportal\/wp-json\/wp\/v2\/types\/post"}],"author":[{"embeddable":true,"href":"https:\/\/www.sudoestehoje.com.br\/novoportal\/wp-json\/wp\/v2\/users\/2"}],"replies":[{"embeddable":true,"href":"https:\/\/www.sudoestehoje.com.br\/novoportal\/wp-json\/wp\/v2\/comments?post=56290"}],"version-history":[{"count":5,"href":"https:\/\/www.sudoestehoje.com.br\/novoportal\/wp-json\/wp\/v2\/posts\/56290\/revisions"}],"predecessor-version":[{"id":56298,"href":"https:\/\/www.sudoestehoje.com.br\/novoportal\/wp-json\/wp\/v2\/posts\/56290\/revisions\/56298"}],"wp:attachment":[{"href":"https:\/\/www.sudoestehoje.com.br\/novoportal\/wp-json\/wp\/v2\/media?parent=56290"}],"wp:term":[{"taxonomy":"category","embeddable":true,"href":"https:\/\/www.sudoestehoje.com.br\/novoportal\/wp-json\/wp\/v2\/categories?post=56290"},{"taxonomy":"post_tag","embeddable":true,"href":"https:\/\/www.sudoestehoje.com.br\/novoportal\/wp-json\/wp\/v2\/tags?post=56290"}],"curies":[{"name":"wp","href":"https:\/\/api.w.org\/{rel}","templated":true}]}}