
{"id":56287,"date":"2016-03-27T19:20:10","date_gmt":"2016-03-27T22:20:10","guid":{"rendered":"http:\/\/www.sudoestehoje.com.br\/novoportal\/?p=56287"},"modified":"2016-03-27T19:20:10","modified_gmt":"2016-03-27T22:20:10","slug":"pmdb-pode-ter-terceiro-presidente-sem-eleicao","status":"publish","type":"post","link":"https:\/\/www.sudoestehoje.com.br\/novoportal\/2016\/03\/27\/pmdb-pode-ter-terceiro-presidente-sem-eleicao\/","title":{"rendered":"PMDB PODE TER TERCEIRO PRESIDENTE SEM ELEI\u00c7\u00c3O"},"content":{"rendered":"<p><a href=\"http:\/\/www.sudoestehoje.com.br\/novoportal\/wp-content\/uploads\/2016\/03\/presidentes-pmdb.jpg\" rel=\"attachment wp-att-56288\"><img loading=\"lazy\" decoding=\"async\" class=\"aligncenter size-medium wp-image-56288\" src=\"http:\/\/www.sudoestehoje.com.br\/novoportal\/wp-content\/uploads\/2016\/03\/presidentes-pmdb-500x281.jpg\" alt=\"presidentes pmdb\" width=\"500\" height=\"281\" srcset=\"https:\/\/www.sudoestehoje.com.br\/novoportal\/wp-content\/uploads\/2016\/03\/presidentes-pmdb-500x281.jpg 500w, https:\/\/www.sudoestehoje.com.br\/novoportal\/wp-content\/uploads\/2016\/03\/presidentes-pmdb-768x432.jpg 768w, https:\/\/www.sudoestehoje.com.br\/novoportal\/wp-content\/uploads\/2016\/03\/presidentes-pmdb-700x394.jpg 700w, https:\/\/www.sudoestehoje.com.br\/novoportal\/wp-content\/uploads\/2016\/03\/presidentes-pmdb.jpg 1366w\" sizes=\"auto, (max-width: 500px) 100vw, 500px\" \/><\/a><\/p>\n<p>O PMDB, maior partido brasileiro, pode ter em Michel Temer, o vice-presidente de Dilma, seu terceiro presidente da Rep\u00fablica, sem nunca ter eleito um cabe\u00e7a de chapa presidencial, ap\u00f3s a ditadura militar. O primeiro foi Jos\u00e9 Sarney, vice de Tancredo Neves, que foi eleito indiretamente pelo Congresso. Itamar Franco sucedeu Fernando Collor, ap\u00f3s o processo de impeachment, em 1992. Temer pode ser o terceiro.<\/p>\n<p>Sarney assumiu a Presid\u00eancia ap\u00f3s Tancredo vencer elei\u00e7\u00e3o indireta no col\u00e9gio eleitoral, p\u00f3s-ditadura. N\u00e3o concorreu em elei\u00e7\u00f5es abertas.<\/p>\n<p>Itamar deixou o partido para se candidatar ao lado de Collor no extinto PRN. Saiu do PRN antes do impeachment e assumiu o cargo no PMDB<\/p>\n<p>Michel Temer foi eleito e reeleito como vice de Dilma em 2010 e em 2014 e \u00e9 o sucessor leg\u00edtimo em caso de impeachment da petista.<\/p>\n<p>Outra intrigante curiosidade \u00e9 que toadas as vezes que vice-presidente \u00e9 do PMDB, o titular n\u00e3o chega ao fim do ciclo no Pal\u00e1cio do Planalto. Di\u00e1rio do Poder<\/p>\n","protected":false},"excerpt":{"rendered":"<p>O PMDB, maior partido brasileiro, pode ter em Michel Temer, o vice-presidente de Dilma, seu terceiro presidente da Rep\u00fablica, sem nunca ter eleito um cabe\u00e7a de chapa presidencial, ap\u00f3s a ditadura militar. O primeiro foi Jos\u00e9 Sarney, vice de Tancredo Neves, que foi eleito indiretamente pelo Congresso. Itamar Franco sucedeu Fernando Collor, ap\u00f3s o processo [&hellip;]<\/p>\n","protected":false},"author":2,"featured_media":0,"comment_status":"open","ping_status":"open","sticky":false,"template":"","format":"standard","meta":{"footnotes":"","_links_to":"","_links_to_target":""},"categories":[1],"tags":[],"class_list":["post-56287","post","type-post","status-publish","format-standard","hentry","category-geral"],"views":2108,"_links":{"self":[{"href":"https:\/\/www.sudoestehoje.com.br\/novoportal\/wp-json\/wp\/v2\/posts\/56287","targetHints":{"allow":["GET"]}}],"collection":[{"href":"https:\/\/www.sudoestehoje.com.br\/novoportal\/wp-json\/wp\/v2\/posts"}],"about":[{"href":"https:\/\/www.sudoestehoje.com.br\/novoportal\/wp-json\/wp\/v2\/types\/post"}],"author":[{"embeddable":true,"href":"https:\/\/www.sudoestehoje.com.br\/novoportal\/wp-json\/wp\/v2\/users\/2"}],"replies":[{"embeddable":true,"href":"https:\/\/www.sudoestehoje.com.br\/novoportal\/wp-json\/wp\/v2\/comments?post=56287"}],"version-history":[{"count":1,"href":"https:\/\/www.sudoestehoje.com.br\/novoportal\/wp-json\/wp\/v2\/posts\/56287\/revisions"}],"predecessor-version":[{"id":56289,"href":"https:\/\/www.sudoestehoje.com.br\/novoportal\/wp-json\/wp\/v2\/posts\/56287\/revisions\/56289"}],"wp:attachment":[{"href":"https:\/\/www.sudoestehoje.com.br\/novoportal\/wp-json\/wp\/v2\/media?parent=56287"}],"wp:term":[{"taxonomy":"category","embeddable":true,"href":"https:\/\/www.sudoestehoje.com.br\/novoportal\/wp-json\/wp\/v2\/categories?post=56287"},{"taxonomy":"post_tag","embeddable":true,"href":"https:\/\/www.sudoestehoje.com.br\/novoportal\/wp-json\/wp\/v2\/tags?post=56287"}],"curies":[{"name":"wp","href":"https:\/\/api.w.org\/{rel}","templated":true}]}}