
{"id":56284,"date":"2016-03-27T18:46:42","date_gmt":"2016-03-27T21:46:42","guid":{"rendered":"http:\/\/www.sudoestehoje.com.br\/novoportal\/?p=56284"},"modified":"2016-03-27T18:46:42","modified_gmt":"2016-03-27T21:46:42","slug":"ceoq-participara-da-3a-feira-de-saude-de-itapetinga","status":"publish","type":"post","link":"https:\/\/www.sudoestehoje.com.br\/novoportal\/2016\/03\/27\/ceoq-participara-da-3a-feira-de-saude-de-itapetinga\/","title":{"rendered":"CEOQ PARTICIPAR\u00c1 DA 3\u00aa FEIRA DE SA\u00daDE DE ITAPETINGA"},"content":{"rendered":"<p><a href=\"http:\/\/www.sudoestehoje.com.br\/novoportal\/wp-content\/uploads\/2016\/03\/CEOQ-1.png\" rel=\"attachment wp-att-56285\"><img loading=\"lazy\" decoding=\"async\" class=\"aligncenter size-full wp-image-56285\" src=\"http:\/\/www.sudoestehoje.com.br\/novoportal\/wp-content\/uploads\/2016\/03\/CEOQ-1.png\" alt=\"CEOQ 1\" width=\"480\" height=\"480\" srcset=\"https:\/\/www.sudoestehoje.com.br\/novoportal\/wp-content\/uploads\/2016\/03\/CEOQ-1.png 480w, https:\/\/www.sudoestehoje.com.br\/novoportal\/wp-content\/uploads\/2016\/03\/CEOQ-1-150x150.png 150w\" sizes=\"auto, (max-width: 480px) 100vw, 480px\" \/><\/a><\/p>\n<p>A convite da prefeitura de Itapetinga, o CEOQ &#8211; Centro Especializado Oftalmol\u00f3gico Queiroz, dirigido pelo m\u00e9dico Jivago Queiroz, participar\u00e1 da Feira de Sa\u00fade que ser\u00e1 realizada nos dias 01, 01 e 03 de abril, na Pra\u00e7a Dairy Valley, onde diversas especialidades m\u00e9dicas ser\u00e3o disponibilizadas \u00e0 popula\u00e7\u00e3o do munic\u00edpio.<\/p>\n<p>Em contato com a reda\u00e7\u00e3o do Sudoeste Hoje, diretor da renomada cl\u00ednica oftalmol\u00f3gica informou que o CEOQ realizar\u00e1 exames oftalmol\u00f3gicos e outros servi\u00e7os especializados, de forma gratuita, como forma de contribuir para a melhoria da sa\u00fade p\u00fablica no munic\u00edpio e regi\u00e3o.<\/p>\n<p><strong><em>Da Reda\u00e7\u00e3o\u00a0<\/em><\/strong><\/p>\n","protected":false},"excerpt":{"rendered":"<p>A convite da prefeitura de Itapetinga, o CEOQ &#8211; Centro Especializado Oftalmol\u00f3gico Queiroz, dirigido pelo m\u00e9dico Jivago Queiroz, participar\u00e1 da Feira de Sa\u00fade que ser\u00e1 realizada nos dias 01, 01 e 03 de abril, na Pra\u00e7a Dairy Valley, onde diversas especialidades m\u00e9dicas ser\u00e3o disponibilizadas \u00e0 popula\u00e7\u00e3o do munic\u00edpio. Em contato com a reda\u00e7\u00e3o do Sudoeste [&hellip;]<\/p>\n","protected":false},"author":2,"featured_media":0,"comment_status":"open","ping_status":"open","sticky":false,"template":"","format":"standard","meta":{"footnotes":"","_links_to":"","_links_to_target":""},"categories":[1],"tags":[],"class_list":["post-56284","post","type-post","status-publish","format-standard","hentry","category-geral"],"views":1796,"_links":{"self":[{"href":"https:\/\/www.sudoestehoje.com.br\/novoportal\/wp-json\/wp\/v2\/posts\/56284","targetHints":{"allow":["GET"]}}],"collection":[{"href":"https:\/\/www.sudoestehoje.com.br\/novoportal\/wp-json\/wp\/v2\/posts"}],"about":[{"href":"https:\/\/www.sudoestehoje.com.br\/novoportal\/wp-json\/wp\/v2\/types\/post"}],"author":[{"embeddable":true,"href":"https:\/\/www.sudoestehoje.com.br\/novoportal\/wp-json\/wp\/v2\/users\/2"}],"replies":[{"embeddable":true,"href":"https:\/\/www.sudoestehoje.com.br\/novoportal\/wp-json\/wp\/v2\/comments?post=56284"}],"version-history":[{"count":1,"href":"https:\/\/www.sudoestehoje.com.br\/novoportal\/wp-json\/wp\/v2\/posts\/56284\/revisions"}],"predecessor-version":[{"id":56286,"href":"https:\/\/www.sudoestehoje.com.br\/novoportal\/wp-json\/wp\/v2\/posts\/56284\/revisions\/56286"}],"wp:attachment":[{"href":"https:\/\/www.sudoestehoje.com.br\/novoportal\/wp-json\/wp\/v2\/media?parent=56284"}],"wp:term":[{"taxonomy":"category","embeddable":true,"href":"https:\/\/www.sudoestehoje.com.br\/novoportal\/wp-json\/wp\/v2\/categories?post=56284"},{"taxonomy":"post_tag","embeddable":true,"href":"https:\/\/www.sudoestehoje.com.br\/novoportal\/wp-json\/wp\/v2\/tags?post=56284"}],"curies":[{"name":"wp","href":"https:\/\/api.w.org\/{rel}","templated":true}]}}