
{"id":56279,"date":"2016-03-26T12:21:02","date_gmt":"2016-03-26T15:21:02","guid":{"rendered":"http:\/\/www.sudoestehoje.com.br\/novoportal\/?p=56279"},"modified":"2016-03-26T12:21:02","modified_gmt":"2016-03-26T15:21:02","slug":"itapetinga-gigantes-do-brasil-confirmado-na-expoindoor-2016","status":"publish","type":"post","link":"https:\/\/www.sudoestehoje.com.br\/novoportal\/2016\/03\/26\/itapetinga-gigantes-do-brasil-confirmado-na-expoindoor-2016\/","title":{"rendered":"ITAPETINGA: GIGANTES DO BRASIL CONFIRMADO NA EXPOINDOOR 2016"},"content":{"rendered":"<p><a href=\"http:\/\/www.sudoestehoje.com.br\/novoportal\/wp-content\/uploads\/2016\/03\/EXPO-INDOOR.jpg\" rel=\"attachment wp-att-56280\"><img loading=\"lazy\" decoding=\"async\" class=\"aligncenter size-medium wp-image-56280\" src=\"http:\/\/www.sudoestehoje.com.br\/novoportal\/wp-content\/uploads\/2016\/03\/EXPO-INDOOR-500x500.jpg\" alt=\"EXPO INDOOR\" width=\"500\" height=\"500\" srcset=\"https:\/\/www.sudoestehoje.com.br\/novoportal\/wp-content\/uploads\/2016\/03\/EXPO-INDOOR-500x500.jpg 500w, https:\/\/www.sudoestehoje.com.br\/novoportal\/wp-content\/uploads\/2016\/03\/EXPO-INDOOR-150x150.jpg 150w, https:\/\/www.sudoestehoje.com.br\/novoportal\/wp-content\/uploads\/2016\/03\/EXPO-INDOOR-768x768.jpg 768w, https:\/\/www.sudoestehoje.com.br\/novoportal\/wp-content\/uploads\/2016\/03\/EXPO-INDOOR-700x700.jpg 700w, https:\/\/www.sudoestehoje.com.br\/novoportal\/wp-content\/uploads\/2016\/03\/EXPO-INDOOR.jpg 945w\" sizes=\"auto, (max-width: 500px) 100vw, 500px\" \/><\/a><\/p>\n<p>A banda Gigantes do Brasil foi confirmada como atra\u00e7\u00e3o da ExpoIndoor Itapetinga 2016, que acontece no dia 14 de Maio, no Parque de Exposi\u00e7\u00f5es Juvino Oliveira.<\/p>\n<p>O grupo \u00e9 formado por Paulinha Abelha, Daniel Diau e Silv\u00e2nia Aquino, todos ex-integrantes da banda Calcinha Preta. O trio marcou \u00e9poca na banda de forr\u00f3 durante a d\u00e9cada passada e agora est\u00e1 de volta com o novo projeto.<\/p>\n<p>Nos pr\u00f3ximos dias ser\u00e3o divulgadas mais duas atra\u00e7\u00f5es que tamb\u00e9m ir\u00e3o se apresentar no dia 14 de Maio na ExpoIndoor, assim como o in\u00edcio da venda dos ingressos.<\/p>\n","protected":false},"excerpt":{"rendered":"<p>A banda Gigantes do Brasil foi confirmada como atra\u00e7\u00e3o da ExpoIndoor Itapetinga 2016, que acontece no dia 14 de Maio, no Parque de Exposi\u00e7\u00f5es Juvino Oliveira. O grupo \u00e9 formado por Paulinha Abelha, Daniel Diau e Silv\u00e2nia Aquino, todos ex-integrantes da banda Calcinha Preta. O trio marcou \u00e9poca na banda de forr\u00f3 durante a d\u00e9cada [&hellip;]<\/p>\n","protected":false},"author":2,"featured_media":0,"comment_status":"open","ping_status":"open","sticky":false,"template":"","format":"standard","meta":{"footnotes":"","_links_to":"","_links_to_target":""},"categories":[1],"tags":[],"class_list":["post-56279","post","type-post","status-publish","format-standard","hentry","category-geral"],"views":3018,"_links":{"self":[{"href":"https:\/\/www.sudoestehoje.com.br\/novoportal\/wp-json\/wp\/v2\/posts\/56279","targetHints":{"allow":["GET"]}}],"collection":[{"href":"https:\/\/www.sudoestehoje.com.br\/novoportal\/wp-json\/wp\/v2\/posts"}],"about":[{"href":"https:\/\/www.sudoestehoje.com.br\/novoportal\/wp-json\/wp\/v2\/types\/post"}],"author":[{"embeddable":true,"href":"https:\/\/www.sudoestehoje.com.br\/novoportal\/wp-json\/wp\/v2\/users\/2"}],"replies":[{"embeddable":true,"href":"https:\/\/www.sudoestehoje.com.br\/novoportal\/wp-json\/wp\/v2\/comments?post=56279"}],"version-history":[{"count":1,"href":"https:\/\/www.sudoestehoje.com.br\/novoportal\/wp-json\/wp\/v2\/posts\/56279\/revisions"}],"predecessor-version":[{"id":56281,"href":"https:\/\/www.sudoestehoje.com.br\/novoportal\/wp-json\/wp\/v2\/posts\/56279\/revisions\/56281"}],"wp:attachment":[{"href":"https:\/\/www.sudoestehoje.com.br\/novoportal\/wp-json\/wp\/v2\/media?parent=56279"}],"wp:term":[{"taxonomy":"category","embeddable":true,"href":"https:\/\/www.sudoestehoje.com.br\/novoportal\/wp-json\/wp\/v2\/categories?post=56279"},{"taxonomy":"post_tag","embeddable":true,"href":"https:\/\/www.sudoestehoje.com.br\/novoportal\/wp-json\/wp\/v2\/tags?post=56279"}],"curies":[{"name":"wp","href":"https:\/\/api.w.org\/{rel}","templated":true}]}}