
{"id":56253,"date":"2016-03-24T17:24:56","date_gmt":"2016-03-24T20:24:56","guid":{"rendered":"http:\/\/www.sudoestehoje.com.br\/novoportal\/?p=56253"},"modified":"2016-03-24T17:27:18","modified_gmt":"2016-03-24T20:27:18","slug":"itapetinga-feira-de-saude-da-fundacao-jose-silveira-sera-realizada-de-1-a-3-de-abril","status":"publish","type":"post","link":"https:\/\/www.sudoestehoje.com.br\/novoportal\/2016\/03\/24\/itapetinga-feira-de-saude-da-fundacao-jose-silveira-sera-realizada-de-1-a-3-de-abril\/","title":{"rendered":"ITAPETINGA: FEIRA DE SA\u00daDE DA FUNDA\u00c7\u00c3O JOS\u00c9 SILVEIRA SER\u00c1 REALIZADA DE 1 A 3 DE ABRIL"},"content":{"rendered":"<p><a href=\"http:\/\/www.sudoestehoje.com.br\/novoportal\/wp-content\/uploads\/2016\/03\/feira-3.jpg\" rel=\"attachment wp-att-56254\"><img loading=\"lazy\" decoding=\"async\" class=\"aligncenter wp-image-56254\" src=\"http:\/\/www.sudoestehoje.com.br\/novoportal\/wp-content\/uploads\/2016\/03\/feira-3.jpg\" alt=\"feira 3\" width=\"500\" height=\"375\" \/><\/a><\/p>\n<p>Funda\u00e7\u00e3o Jos\u00e9 Silveira realiza Feira de Sa\u00fade, nos dias 01, 02 e 03 de abril, em Itapetinga As Unidades M\u00f3veis de Sa\u00fade da Funda\u00e7\u00e3o Jos\u00e9 Silveira chegam mais uma vez ao munic\u00edpio de Itapetinga para realiza\u00e7\u00e3o da 3\u00aa Feira de Sa\u00fade, que acontecer\u00e1 entre os dias 01 (sexta-feira), 02 (s\u00e1bado) e 03 (domingo) de abril.<\/p>\n<p>Diferente das outras edi\u00e7\u00f5es, esse ano a feira de sa\u00fade ser\u00e1 realizada na Pra\u00e7a Dairy Valley e n\u00e3o mais no p\u00e1tio do Hospital Cristo Redentor.<\/p>\n<p><a href=\"http:\/\/www.sudoestehoje.com.br\/novoportal\/wp-content\/uploads\/2016\/03\/feira-2.jpg\" rel=\"attachment wp-att-56255\"><img loading=\"lazy\" decoding=\"async\" class=\"aligncenter wp-image-56255\" src=\"http:\/\/www.sudoestehoje.com.br\/novoportal\/wp-content\/uploads\/2016\/03\/feira-2.jpg\" alt=\"feira 2\" width=\"500\" height=\"334\" \/><\/a><\/p>\n<p>A comunidade ter\u00e1 acesso a atendimentos m\u00e9dicos nas \u00e1reas de cardiologia, urologia, odontologia, cl\u00ednica m\u00e9dica, pediatria, ginecologia e nutri\u00e7\u00e3o, al\u00e9m de exames de ultrassonografia, preventivo ginecol\u00f3gico, teste de glicemia, aferi\u00e7\u00e3o de press\u00e3o arterial e orienta\u00e7\u00f5es para preven\u00e7\u00e3o do c\u00e2ncer de mama e pr\u00f3stata.<\/p>\n<p>Os servi\u00e7os ser\u00e3o prestados das 08h \u00e0s 18h, por ordem de chagada. Para ser atendido \u00e9 preciso apresentar: RG, comprovante de resid\u00eancia e cart\u00e3o do Sistema \u00danico de Sa\u00fade (SUS).<\/p>\n<p><a href=\"http:\/\/www.sudoestehoje.com.br\/novoportal\/wp-content\/uploads\/2016\/03\/feira-4.jpg\" rel=\"attachment wp-att-56256\"><img loading=\"lazy\" decoding=\"async\" class=\"aligncenter wp-image-56256\" src=\"http:\/\/www.sudoestehoje.com.br\/novoportal\/wp-content\/uploads\/2016\/03\/feira-4.jpg\" alt=\"feira 4\" width=\"500\" height=\"375\" \/><\/a><\/p>\n<p>As Feiras de Sa\u00fade da Funda\u00e7\u00e3o Jos\u00e9 Silveira em Itapetinga j\u00e1 realizaram quase 10 mil procedimentos em edi\u00e7\u00f5es passadas. A feira \u00e9 uma realiza\u00e7\u00e3o da Funda\u00e7\u00e3o Jos\u00e9 Silveira e da Secretaria Municipal de Sa\u00fade. Ascom<\/p>\n","protected":false},"excerpt":{"rendered":"<p>Funda\u00e7\u00e3o Jos\u00e9 Silveira realiza Feira de Sa\u00fade, nos dias 01, 02 e 03 de abril, em Itapetinga As Unidades M\u00f3veis de Sa\u00fade da Funda\u00e7\u00e3o Jos\u00e9 Silveira chegam mais uma vez ao munic\u00edpio de Itapetinga para realiza\u00e7\u00e3o da 3\u00aa Feira de Sa\u00fade, que acontecer\u00e1 entre os dias 01 (sexta-feira), 02 (s\u00e1bado) e 03 (domingo) de abril. [&hellip;]<\/p>\n","protected":false},"author":2,"featured_media":0,"comment_status":"open","ping_status":"open","sticky":false,"template":"","format":"standard","meta":{"footnotes":"","_links_to":"","_links_to_target":""},"categories":[1],"tags":[],"class_list":["post-56253","post","type-post","status-publish","format-standard","hentry","category-geral"],"views":2190,"_links":{"self":[{"href":"https:\/\/www.sudoestehoje.com.br\/novoportal\/wp-json\/wp\/v2\/posts\/56253","targetHints":{"allow":["GET"]}}],"collection":[{"href":"https:\/\/www.sudoestehoje.com.br\/novoportal\/wp-json\/wp\/v2\/posts"}],"about":[{"href":"https:\/\/www.sudoestehoje.com.br\/novoportal\/wp-json\/wp\/v2\/types\/post"}],"author":[{"embeddable":true,"href":"https:\/\/www.sudoestehoje.com.br\/novoportal\/wp-json\/wp\/v2\/users\/2"}],"replies":[{"embeddable":true,"href":"https:\/\/www.sudoestehoje.com.br\/novoportal\/wp-json\/wp\/v2\/comments?post=56253"}],"version-history":[{"count":1,"href":"https:\/\/www.sudoestehoje.com.br\/novoportal\/wp-json\/wp\/v2\/posts\/56253\/revisions"}],"predecessor-version":[{"id":56257,"href":"https:\/\/www.sudoestehoje.com.br\/novoportal\/wp-json\/wp\/v2\/posts\/56253\/revisions\/56257"}],"wp:attachment":[{"href":"https:\/\/www.sudoestehoje.com.br\/novoportal\/wp-json\/wp\/v2\/media?parent=56253"}],"wp:term":[{"taxonomy":"category","embeddable":true,"href":"https:\/\/www.sudoestehoje.com.br\/novoportal\/wp-json\/wp\/v2\/categories?post=56253"},{"taxonomy":"post_tag","embeddable":true,"href":"https:\/\/www.sudoestehoje.com.br\/novoportal\/wp-json\/wp\/v2\/tags?post=56253"}],"curies":[{"name":"wp","href":"https:\/\/api.w.org\/{rel}","templated":true}]}}