
{"id":56237,"date":"2016-03-23T22:44:11","date_gmt":"2016-03-24T01:44:11","guid":{"rendered":"http:\/\/www.sudoestehoje.com.br\/novoportal\/?p=56237"},"modified":"2016-03-23T22:52:22","modified_gmt":"2016-03-24T01:52:22","slug":"itapetinga-alegando-problemas-de-saude-ze-otavio-diz-que-nao-sera-candidato","status":"publish","type":"post","link":"https:\/\/www.sudoestehoje.com.br\/novoportal\/2016\/03\/23\/itapetinga-alegando-problemas-de-saude-ze-otavio-diz-que-nao-sera-candidato\/","title":{"rendered":"ITAPETINGA: Z\u00c9 OT\u00c1VIO DESISTE E CHAPA DA OPOSI\u00c7\u00c3O PODE TER RENAN E RODRIGO HAGGE"},"content":{"rendered":"<div id=\"attachment_56238\" style=\"width: 510px\" class=\"wp-caption aligncenter\"><a href=\"http:\/\/www.sudoestehoje.com.br\/novoportal\/wp-content\/uploads\/2016\/03\/rodrigo-e-renan.jpg\" rel=\"attachment wp-att-56238\"><img loading=\"lazy\" decoding=\"async\" aria-describedby=\"caption-attachment-56238\" class=\"size-medium wp-image-56238\" src=\"http:\/\/www.sudoestehoje.com.br\/novoportal\/wp-content\/uploads\/2016\/03\/rodrigo-e-renan-500x300.jpg\" alt=\"COM DESIST\u00caNCIA DE Z\u00c9 OT\u00c1VIO, RENAN PEREIRA E RODRIGO HAGGE PODEM FORMAR CHAPA DAS OPOSI\u00c7\u00d5ES\" width=\"500\" height=\"300\" srcset=\"https:\/\/www.sudoestehoje.com.br\/novoportal\/wp-content\/uploads\/2016\/03\/rodrigo-e-renan-500x300.jpg 500w, https:\/\/www.sudoestehoje.com.br\/novoportal\/wp-content\/uploads\/2016\/03\/rodrigo-e-renan-768x461.jpg 768w, https:\/\/www.sudoestehoje.com.br\/novoportal\/wp-content\/uploads\/2016\/03\/rodrigo-e-renan-700x420.jpg 700w, https:\/\/www.sudoestehoje.com.br\/novoportal\/wp-content\/uploads\/2016\/03\/rodrigo-e-renan.jpg 960w\" sizes=\"auto, (max-width: 500px) 100vw, 500px\" \/><\/a><p id=\"caption-attachment-56238\" class=\"wp-caption-text\">COM DESIST\u00caNCIA DE Z\u00c9 OT\u00c1VIO, RENAN PEREIRA E RODRIGO HAGGE PODEM FORMAR CHAPA DAS OPOSI\u00c7\u00d5ES<\/p><\/div>\n<p>O que h\u00e1 muito tempo j\u00e1 vinha sendo comentado nos meios pol\u00edticos locais, acabou se confirmando no in\u00edcio desta semana, com o ex-prefeito Jos\u00e9 Ot\u00e1vio Curvelo (DEM) comunicando aos seus coligados do PMDB que n\u00e3o ser\u00e1 mesmo candidato a prefeito, por problemas de sa\u00fade.<\/p>\n<p>Com a desist\u00eancia de Z\u00e9 Ot\u00e1vio, Renan Pereira passa a ocupar a prefer\u00eancia dos democratas, apesar dos nomes de Geraldo Trindade e Naara Duarte tamb\u00e9m serem cogitados, por\u00e9m com poucas chances.<\/p>\n<p>Entre os peemedebistas, o nome do jovem advogado Rodrigo Hagge vem crescendo, o que aumenta a sua chance de ocupar a vice numa prov\u00e1vel coliga\u00e7\u00e3o entre o DEM e o PMDB.<\/p>\n<p>Existem ainda outras possibilidades, j\u00e1 que o PSDB entrou em conversa\u00e7\u00e3o com as legendas de oposi\u00e7\u00e3o, e o nome de Adriano Alc\u00e2ntara, presidente do Sindicato Rural de Itapetinga, passou tamb\u00e9m a ser considerado.<\/p>\n<p><strong><em>Por Davi Ferraz<\/em><\/strong><\/p>\n","protected":false},"excerpt":{"rendered":"<p>O que h\u00e1 muito tempo j\u00e1 vinha sendo comentado nos meios pol\u00edticos locais, acabou se confirmando no in\u00edcio desta semana, com o ex-prefeito Jos\u00e9 Ot\u00e1vio Curvelo (DEM) comunicando aos seus coligados do PMDB que n\u00e3o ser\u00e1 mesmo candidato a prefeito, por problemas de sa\u00fade. Com a desist\u00eancia de Z\u00e9 Ot\u00e1vio, Renan Pereira passa a ocupar [&hellip;]<\/p>\n","protected":false},"author":2,"featured_media":0,"comment_status":"open","ping_status":"open","sticky":false,"template":"","format":"standard","meta":{"footnotes":"","_links_to":"","_links_to_target":""},"categories":[1],"tags":[],"class_list":["post-56237","post","type-post","status-publish","format-standard","hentry","category-geral"],"views":2225,"_links":{"self":[{"href":"https:\/\/www.sudoestehoje.com.br\/novoportal\/wp-json\/wp\/v2\/posts\/56237","targetHints":{"allow":["GET"]}}],"collection":[{"href":"https:\/\/www.sudoestehoje.com.br\/novoportal\/wp-json\/wp\/v2\/posts"}],"about":[{"href":"https:\/\/www.sudoestehoje.com.br\/novoportal\/wp-json\/wp\/v2\/types\/post"}],"author":[{"embeddable":true,"href":"https:\/\/www.sudoestehoje.com.br\/novoportal\/wp-json\/wp\/v2\/users\/2"}],"replies":[{"embeddable":true,"href":"https:\/\/www.sudoestehoje.com.br\/novoportal\/wp-json\/wp\/v2\/comments?post=56237"}],"version-history":[{"count":3,"href":"https:\/\/www.sudoestehoje.com.br\/novoportal\/wp-json\/wp\/v2\/posts\/56237\/revisions"}],"predecessor-version":[{"id":56240,"href":"https:\/\/www.sudoestehoje.com.br\/novoportal\/wp-json\/wp\/v2\/posts\/56237\/revisions\/56240"}],"wp:attachment":[{"href":"https:\/\/www.sudoestehoje.com.br\/novoportal\/wp-json\/wp\/v2\/media?parent=56237"}],"wp:term":[{"taxonomy":"category","embeddable":true,"href":"https:\/\/www.sudoestehoje.com.br\/novoportal\/wp-json\/wp\/v2\/categories?post=56237"},{"taxonomy":"post_tag","embeddable":true,"href":"https:\/\/www.sudoestehoje.com.br\/novoportal\/wp-json\/wp\/v2\/tags?post=56237"}],"curies":[{"name":"wp","href":"https:\/\/api.w.org\/{rel}","templated":true}]}}