
{"id":56228,"date":"2016-03-23T17:59:47","date_gmt":"2016-03-23T20:59:47","guid":{"rendered":"http:\/\/www.sudoestehoje.com.br\/novoportal\/?p=56228"},"modified":"2016-03-23T18:04:26","modified_gmt":"2016-03-23T21:04:26","slug":"secretaria-estadual-de-educacao-emite-nota-sobre-manifestacao-de-estudantes-na-nre-08","status":"publish","type":"post","link":"https:\/\/www.sudoestehoje.com.br\/novoportal\/2016\/03\/23\/secretaria-estadual-de-educacao-emite-nota-sobre-manifestacao-de-estudantes-na-nre-08\/","title":{"rendered":"SECRETARIA ESTADUAL DE EDUCA\u00c7\u00c3O EMITE NOTA SOBRE MANIFESTA\u00c7\u00c3O DE ESTUDANTES NO NRE-08"},"content":{"rendered":"<p><a href=\"http:\/\/www.sudoestehoje.com.br\/novoportal\/wp-content\/uploads\/2016\/03\/m-1.jpg\" rel=\"attachment wp-att-56195\"><img loading=\"lazy\" decoding=\"async\" class=\"aligncenter size-medium wp-image-56195\" src=\"http:\/\/www.sudoestehoje.com.br\/novoportal\/wp-content\/uploads\/2016\/03\/m-1-500x300.jpg\" alt=\"m 1\" width=\"500\" height=\"300\" srcset=\"https:\/\/www.sudoestehoje.com.br\/novoportal\/wp-content\/uploads\/2016\/03\/m-1-500x300.jpg 500w, https:\/\/www.sudoestehoje.com.br\/novoportal\/wp-content\/uploads\/2016\/03\/m-1-768x461.jpg 768w, https:\/\/www.sudoestehoje.com.br\/novoportal\/wp-content\/uploads\/2016\/03\/m-1-700x420.jpg 700w, https:\/\/www.sudoestehoje.com.br\/novoportal\/wp-content\/uploads\/2016\/03\/m-1.jpg 960w\" sizes=\"auto, (max-width: 500px) 100vw, 500px\" \/><\/a><\/p>\n<p>Diante da manifesta\u00e7\u00e3o de alunos do Col\u00e9gio Estadual Altair Almeida Meira, ocorrida nesta ter\u00e7a-feira, em frente ao NRA-08, em Itapetinga, com cobertura jornal\u00edstica do Sudoeste Hoje, a Secretaria Estadual de Educa\u00e7\u00e3o encaminhou Nota de Esclarecimento ao blog, explicando a situa\u00e7\u00e3o. Confira a Nota da SEC:<\/p>\n<p><em>&#8220;Nota de Esclarecimento<\/em><\/p>\n<p><em>Em rela\u00e7\u00e3o \u00e0 manifesta\u00e7\u00e3o dos estudantes do Col\u00e9gio Estadual Altair Almeida Meira, em Maiquinique, o N\u00facleo Regional de Educa\u00e7\u00e3o de Itapetinga (NRE 08) informa que recebeu representantes da comiss\u00e3o de estudantes para ouvir as demandas da comunidade escolar e esclarece que:<\/em><\/p>\n<p><em>\u2013 A den\u00fancia de falta de alimenta\u00e7\u00e3o escolar n\u00e3o procede.<\/em><\/p>\n<p><em>\u2013 J\u00e1 est\u00e1 adotando provid\u00eancias junto \u00e0 Secretaria da Educa\u00e7\u00e3o do Estado para contrata\u00e7\u00e3o de pessoal de apoio e novos professores.<\/em><\/p>\n<p><em>\u2013 Em rela\u00e7\u00e3o ao atraso de pagamento dos prestadores de servi\u00e7o tempor\u00e1rio, o NRE 08 esclarece que o pagamento \u00e9 feito mediante a apresenta\u00e7\u00e3o da frequ\u00eancia. O professor, que porventura, n\u00e3o recebeu o sal\u00e1rio, deve procurar a dire\u00e7\u00e3o da escola para regularizar a situa\u00e7\u00e3o junto \u00e0 Secretaria. A dire\u00e7\u00e3o da escola \u00e9 respons\u00e1vel por enviar a frequ\u00eancia para a Secretaria e pode fazer isso pela Internet.<\/em><\/p>\n<p><em>\u2013 Quanto ao pagamento de terceirizados, informa que a Secretaria da Educa\u00e7\u00e3o do Estado da Bahia j\u00e1 notificou oficialmente as empresas que ainda apresentam pend\u00eancias para regularizar os pagamentos dos seus funcion\u00e1rios.<\/em><\/p>\n<p><em>\u2013 O NRE 08 orienta que den\u00fancias, cr\u00edticas e sugest\u00f5es devem ser enviadas para a Ouvidoria (0800 284 0011), que garante resposta direta e r\u00e1pida ao interessado.<\/em><\/p>\n<p><em>Assessoria de Comunica\u00e7\u00e3o<\/em><br \/>\n<em>Secretaria da Educa\u00e7\u00e3o do Estado da Bahia&#8221;<\/em><\/p>\n","protected":false},"excerpt":{"rendered":"<p>Diante da manifesta\u00e7\u00e3o de alunos do Col\u00e9gio Estadual Altair Almeida Meira, ocorrida nesta ter\u00e7a-feira, em frente ao NRA-08, em Itapetinga, com cobertura jornal\u00edstica do Sudoeste Hoje, a Secretaria Estadual de Educa\u00e7\u00e3o encaminhou Nota de Esclarecimento ao blog, explicando a situa\u00e7\u00e3o. Confira a Nota da SEC: &#8220;Nota de Esclarecimento Em rela\u00e7\u00e3o \u00e0 manifesta\u00e7\u00e3o dos estudantes do [&hellip;]<\/p>\n","protected":false},"author":2,"featured_media":0,"comment_status":"open","ping_status":"open","sticky":false,"template":"","format":"standard","meta":{"footnotes":"","_links_to":"","_links_to_target":""},"categories":[1],"tags":[],"class_list":["post-56228","post","type-post","status-publish","format-standard","hentry","category-geral"],"views":1437,"_links":{"self":[{"href":"https:\/\/www.sudoestehoje.com.br\/novoportal\/wp-json\/wp\/v2\/posts\/56228","targetHints":{"allow":["GET"]}}],"collection":[{"href":"https:\/\/www.sudoestehoje.com.br\/novoportal\/wp-json\/wp\/v2\/posts"}],"about":[{"href":"https:\/\/www.sudoestehoje.com.br\/novoportal\/wp-json\/wp\/v2\/types\/post"}],"author":[{"embeddable":true,"href":"https:\/\/www.sudoestehoje.com.br\/novoportal\/wp-json\/wp\/v2\/users\/2"}],"replies":[{"embeddable":true,"href":"https:\/\/www.sudoestehoje.com.br\/novoportal\/wp-json\/wp\/v2\/comments?post=56228"}],"version-history":[{"count":2,"href":"https:\/\/www.sudoestehoje.com.br\/novoportal\/wp-json\/wp\/v2\/posts\/56228\/revisions"}],"predecessor-version":[{"id":56230,"href":"https:\/\/www.sudoestehoje.com.br\/novoportal\/wp-json\/wp\/v2\/posts\/56228\/revisions\/56230"}],"wp:attachment":[{"href":"https:\/\/www.sudoestehoje.com.br\/novoportal\/wp-json\/wp\/v2\/media?parent=56228"}],"wp:term":[{"taxonomy":"category","embeddable":true,"href":"https:\/\/www.sudoestehoje.com.br\/novoportal\/wp-json\/wp\/v2\/categories?post=56228"},{"taxonomy":"post_tag","embeddable":true,"href":"https:\/\/www.sudoestehoje.com.br\/novoportal\/wp-json\/wp\/v2\/tags?post=56228"}],"curies":[{"name":"wp","href":"https:\/\/api.w.org\/{rel}","templated":true}]}}