
{"id":56222,"date":"2016-03-23T17:28:18","date_gmt":"2016-03-23T20:28:18","guid":{"rendered":"http:\/\/www.sudoestehoje.com.br\/novoportal\/?p=56222"},"modified":"2016-03-23T17:28:18","modified_gmt":"2016-03-23T20:28:18","slug":"candidatura-de-antonio-brito-em-jequie-depende-de-conversa-com-otto","status":"publish","type":"post","link":"https:\/\/www.sudoestehoje.com.br\/novoportal\/2016\/03\/23\/candidatura-de-antonio-brito-em-jequie-depende-de-conversa-com-otto\/","title":{"rendered":"CANDIDATURA DE ANT\u00d4NIO BRITO EM JEQUI\u00c9 DEPENDE DE CONVERSA COM OTTO"},"content":{"rendered":"<p><a href=\"http:\/\/www.sudoestehoje.com.br\/novoportal\/wp-content\/uploads\/2016\/03\/OTO-E-BRITO.png\" rel=\"attachment wp-att-56223\"><img loading=\"lazy\" decoding=\"async\" class=\"aligncenter size-medium wp-image-56223\" src=\"http:\/\/www.sudoestehoje.com.br\/novoportal\/wp-content\/uploads\/2016\/03\/OTO-E-BRITO-500x349.png\" alt=\"OTO E BRITO\" width=\"500\" height=\"349\" srcset=\"https:\/\/www.sudoestehoje.com.br\/novoportal\/wp-content\/uploads\/2016\/03\/OTO-E-BRITO-500x349.png 500w, https:\/\/www.sudoestehoje.com.br\/novoportal\/wp-content\/uploads\/2016\/03\/OTO-E-BRITO.png 568w\" sizes=\"auto, (max-width: 500px) 100vw, 500px\" \/><\/a><\/p>\n<p>Rec\u00e9m-chegado ao PSD, o deputado federal Ant\u00f4nio Brito desacelerou a eventual candidatura a prefeito de Jequi\u00e9 e admitiu que o avan\u00e7o do projeto depende de negocia\u00e7\u00f5es com o presidente estadual da sigla, senador Otto Alencar. \u201cAinda preciso conversar sobre Jequi\u00e9 com Otto\u201d, afirmou, ao Bahia Not\u00edcias, nesta ter\u00e7a-feira (22).<\/p>\n<p>Brito, no entanto, garante que continua empenhado pela Cidade Sol, apesar de considerar, inclusive, a hip\u00f3tese de apoiar outra candidatura do PSD a prefeito de Jequi\u00e9. \u201cEstamos viabilizando a reabertura do aeroporto de Jequi\u00e9 para pousos e decolagens e consegui o empenho de uma emenda de R$ 2,7 milh\u00f5es para o hospital Prado Valadares\u201d, defendeu o parlamentar, sinalizando que mantem ativa a candidatura a prefeito da cidade.<\/p>\n<p>As obras para a reabertura do aeroporto foram realizadas pelo governo do estado e Brito se refere \u00e0 autoriza\u00e7\u00e3o da Anac para o funcionamento da estrutura.<\/p>\n","protected":false},"excerpt":{"rendered":"<p>Rec\u00e9m-chegado ao PSD, o deputado federal Ant\u00f4nio Brito desacelerou a eventual candidatura a prefeito de Jequi\u00e9 e admitiu que o avan\u00e7o do projeto depende de negocia\u00e7\u00f5es com o presidente estadual da sigla, senador Otto Alencar. \u201cAinda preciso conversar sobre Jequi\u00e9 com Otto\u201d, afirmou, ao Bahia Not\u00edcias, nesta ter\u00e7a-feira (22). Brito, no entanto, garante que continua [&hellip;]<\/p>\n","protected":false},"author":2,"featured_media":0,"comment_status":"open","ping_status":"open","sticky":false,"template":"","format":"standard","meta":{"footnotes":"","_links_to":"","_links_to_target":""},"categories":[1],"tags":[],"class_list":["post-56222","post","type-post","status-publish","format-standard","hentry","category-geral"],"views":1163,"_links":{"self":[{"href":"https:\/\/www.sudoestehoje.com.br\/novoportal\/wp-json\/wp\/v2\/posts\/56222","targetHints":{"allow":["GET"]}}],"collection":[{"href":"https:\/\/www.sudoestehoje.com.br\/novoportal\/wp-json\/wp\/v2\/posts"}],"about":[{"href":"https:\/\/www.sudoestehoje.com.br\/novoportal\/wp-json\/wp\/v2\/types\/post"}],"author":[{"embeddable":true,"href":"https:\/\/www.sudoestehoje.com.br\/novoportal\/wp-json\/wp\/v2\/users\/2"}],"replies":[{"embeddable":true,"href":"https:\/\/www.sudoestehoje.com.br\/novoportal\/wp-json\/wp\/v2\/comments?post=56222"}],"version-history":[{"count":1,"href":"https:\/\/www.sudoestehoje.com.br\/novoportal\/wp-json\/wp\/v2\/posts\/56222\/revisions"}],"predecessor-version":[{"id":56224,"href":"https:\/\/www.sudoestehoje.com.br\/novoportal\/wp-json\/wp\/v2\/posts\/56222\/revisions\/56224"}],"wp:attachment":[{"href":"https:\/\/www.sudoestehoje.com.br\/novoportal\/wp-json\/wp\/v2\/media?parent=56222"}],"wp:term":[{"taxonomy":"category","embeddable":true,"href":"https:\/\/www.sudoestehoje.com.br\/novoportal\/wp-json\/wp\/v2\/categories?post=56222"},{"taxonomy":"post_tag","embeddable":true,"href":"https:\/\/www.sudoestehoje.com.br\/novoportal\/wp-json\/wp\/v2\/tags?post=56222"}],"curies":[{"name":"wp","href":"https:\/\/api.w.org\/{rel}","templated":true}]}}