
{"id":56200,"date":"2016-03-22T21:02:12","date_gmt":"2016-03-23T00:02:12","guid":{"rendered":"http:\/\/www.sudoestehoje.com.br\/novoportal\/?p=56200"},"modified":"2016-03-22T21:02:59","modified_gmt":"2016-03-23T00:02:59","slug":"ceoq-inaugura-espaco-para-programa-de-residencia-oftalmologica","status":"publish","type":"post","link":"https:\/\/www.sudoestehoje.com.br\/novoportal\/2016\/03\/22\/ceoq-inaugura-espaco-para-programa-de-residencia-oftalmologica\/","title":{"rendered":"CEOQ INAUGURA ESPA\u00c7O PARA PROGRAMA DE RESID\u00caNCIA OFTALMOL\u00d3GICA"},"content":{"rendered":"<p><a href=\"http:\/\/www.sudoestehoje.com.br\/novoportal\/wp-content\/uploads\/2016\/03\/CEOQ.png\" rel=\"attachment wp-att-56201\"><img loading=\"lazy\" decoding=\"async\" class=\"aligncenter size-medium wp-image-56201\" src=\"http:\/\/www.sudoestehoje.com.br\/novoportal\/wp-content\/uploads\/2016\/03\/CEOQ-500x500.png\" alt=\"CEOQ\" width=\"500\" height=\"500\" srcset=\"https:\/\/www.sudoestehoje.com.br\/novoportal\/wp-content\/uploads\/2016\/03\/CEOQ-500x500.png 500w, https:\/\/www.sudoestehoje.com.br\/novoportal\/wp-content\/uploads\/2016\/03\/CEOQ-150x150.png 150w, https:\/\/www.sudoestehoje.com.br\/novoportal\/wp-content\/uploads\/2016\/03\/CEOQ.png 526w\" sizes=\"auto, (max-width: 500px) 100vw, 500px\" \/><\/a><\/p>\n<p>Na \u00faltima sexta-feira, 18, foi inaugurado, no <a class=\"profileLink\" href=\"https:\/\/www.facebook.com\/ceoq1\/\" data-hovercard=\"\/ajax\/hovercard\/page.php?id=655463834478416\">CEOQ<\/a>, um espa\u00e7o direcionado aos residentes do Programa de Resid\u00eancia M\u00e9dica Oftalmol\u00f3gica.<\/p>\n<p>Trata-se de uma sala de<span class=\"text_exposed_show\"> estudos que recebeu o nome de Dr. H\u00e9lcio Bessa, em uma singela homenagem ao m\u00e9dico dos Oculistas Associados do Rio de Janeiro e membro titular da Sociedade Brasileira de Oftalmologia e do Conselho Brasileiro de Oftalmologia. Ascom<\/span><\/p>\n","protected":false},"excerpt":{"rendered":"<p>Na \u00faltima sexta-feira, 18, foi inaugurado, no CEOQ, um espa\u00e7o direcionado aos residentes do Programa de Resid\u00eancia M\u00e9dica Oftalmol\u00f3gica. Trata-se de uma sala de estudos que recebeu o nome de Dr. H\u00e9lcio Bessa, em uma singela homenagem ao m\u00e9dico dos Oculistas Associados do Rio de Janeiro e membro titular da Sociedade Brasileira de Oftalmologia e [&hellip;]<\/p>\n","protected":false},"author":2,"featured_media":0,"comment_status":"open","ping_status":"open","sticky":false,"template":"","format":"standard","meta":{"footnotes":"","_links_to":"","_links_to_target":""},"categories":[1],"tags":[],"class_list":["post-56200","post","type-post","status-publish","format-standard","hentry","category-geral"],"views":1463,"_links":{"self":[{"href":"https:\/\/www.sudoestehoje.com.br\/novoportal\/wp-json\/wp\/v2\/posts\/56200","targetHints":{"allow":["GET"]}}],"collection":[{"href":"https:\/\/www.sudoestehoje.com.br\/novoportal\/wp-json\/wp\/v2\/posts"}],"about":[{"href":"https:\/\/www.sudoestehoje.com.br\/novoportal\/wp-json\/wp\/v2\/types\/post"}],"author":[{"embeddable":true,"href":"https:\/\/www.sudoestehoje.com.br\/novoportal\/wp-json\/wp\/v2\/users\/2"}],"replies":[{"embeddable":true,"href":"https:\/\/www.sudoestehoje.com.br\/novoportal\/wp-json\/wp\/v2\/comments?post=56200"}],"version-history":[{"count":1,"href":"https:\/\/www.sudoestehoje.com.br\/novoportal\/wp-json\/wp\/v2\/posts\/56200\/revisions"}],"predecessor-version":[{"id":56202,"href":"https:\/\/www.sudoestehoje.com.br\/novoportal\/wp-json\/wp\/v2\/posts\/56200\/revisions\/56202"}],"wp:attachment":[{"href":"https:\/\/www.sudoestehoje.com.br\/novoportal\/wp-json\/wp\/v2\/media?parent=56200"}],"wp:term":[{"taxonomy":"category","embeddable":true,"href":"https:\/\/www.sudoestehoje.com.br\/novoportal\/wp-json\/wp\/v2\/categories?post=56200"},{"taxonomy":"post_tag","embeddable":true,"href":"https:\/\/www.sudoestehoje.com.br\/novoportal\/wp-json\/wp\/v2\/tags?post=56200"}],"curies":[{"name":"wp","href":"https:\/\/api.w.org\/{rel}","templated":true}]}}