
{"id":562,"date":"2010-07-22T16:41:35","date_gmt":"2010-07-22T19:41:35","guid":{"rendered":"http:\/\/sudoestehoje.tempsite.ws\/novoportal\/?p=562"},"modified":"2010-09-22T16:43:38","modified_gmt":"2010-09-22T19:43:38","slug":"geddel-e-carregado-em-inauguracao-de-comite","status":"publish","type":"post","link":"https:\/\/www.sudoestehoje.com.br\/novoportal\/2010\/07\/22\/geddel-e-carregado-em-inauguracao-de-comite\/","title":{"rendered":"GEDDEL \u00c9 CARREGADO EM INAUGURA\u00c7\u00c3O DE COMIT\u00ca"},"content":{"rendered":"<div><img decoding=\"async\" src=\"http:\/\/www.bahianoticias.com.br\/fotos\/editor\/Image\/comite_geddel_carregado_maxhaack.jpg\" border=\"0\" alt=\"\" \/><\/div>\n<div><\/div>\n<p>Com  a milit\u00e2ncia\u00a0do PMDB\u00a0animada durante a inaugura\u00e7\u00e3o do comit\u00ea eleitoral  do partido no bairro da Pituba, o candidato da coliga\u00e7\u00e3o ao governo,  Geddel Vieira Lima, \u201cfoi para a galera\u201d e tirado do palanque onde  discursou e distribuiu acenos para ser carregado pelo correligion\u00e1rios.  No local, estava toda a chapa que concorre nas elei\u00e7\u00f5es deste ano,  inclusive o prefeito Jo\u00e3o Henrique, um dos principais cabos eleitorais  de Geddel, lideran\u00e7as do grupo e tamb\u00e9m a fam\u00edlia do peemedebista.<strong><br \/>\n<\/strong><\/p>\n","protected":false},"excerpt":{"rendered":"<p>Com a milit\u00e2ncia\u00a0do PMDB\u00a0animada durante a inaugura\u00e7\u00e3o do comit\u00ea eleitoral do partido no bairro da Pituba, o candidato da coliga\u00e7\u00e3o ao governo, Geddel Vieira Lima, \u201cfoi para a galera\u201d e tirado do palanque onde discursou e distribuiu acenos para ser carregado pelo correligion\u00e1rios. No local, estava toda a chapa que concorre nas elei\u00e7\u00f5es deste ano, [&hellip;]<\/p>\n","protected":false},"author":1,"featured_media":0,"comment_status":"open","ping_status":"open","sticky":false,"template":"","format":"standard","meta":{"footnotes":"","_links_to":"","_links_to_target":""},"categories":[1],"tags":[],"class_list":["post-562","post","type-post","status-publish","format-standard","hentry","category-geral"],"views":1429,"_links":{"self":[{"href":"https:\/\/www.sudoestehoje.com.br\/novoportal\/wp-json\/wp\/v2\/posts\/562","targetHints":{"allow":["GET"]}}],"collection":[{"href":"https:\/\/www.sudoestehoje.com.br\/novoportal\/wp-json\/wp\/v2\/posts"}],"about":[{"href":"https:\/\/www.sudoestehoje.com.br\/novoportal\/wp-json\/wp\/v2\/types\/post"}],"author":[{"embeddable":true,"href":"https:\/\/www.sudoestehoje.com.br\/novoportal\/wp-json\/wp\/v2\/users\/1"}],"replies":[{"embeddable":true,"href":"https:\/\/www.sudoestehoje.com.br\/novoportal\/wp-json\/wp\/v2\/comments?post=562"}],"version-history":[{"count":2,"href":"https:\/\/www.sudoestehoje.com.br\/novoportal\/wp-json\/wp\/v2\/posts\/562\/revisions"}],"predecessor-version":[{"id":564,"href":"https:\/\/www.sudoestehoje.com.br\/novoportal\/wp-json\/wp\/v2\/posts\/562\/revisions\/564"}],"wp:attachment":[{"href":"https:\/\/www.sudoestehoje.com.br\/novoportal\/wp-json\/wp\/v2\/media?parent=562"}],"wp:term":[{"taxonomy":"category","embeddable":true,"href":"https:\/\/www.sudoestehoje.com.br\/novoportal\/wp-json\/wp\/v2\/categories?post=562"},{"taxonomy":"post_tag","embeddable":true,"href":"https:\/\/www.sudoestehoje.com.br\/novoportal\/wp-json\/wp\/v2\/tags?post=562"}],"curies":[{"name":"wp","href":"https:\/\/api.w.org\/{rel}","templated":true}]}}