
{"id":56194,"date":"2016-03-22T20:52:31","date_gmt":"2016-03-22T23:52:31","guid":{"rendered":"http:\/\/www.sudoestehoje.com.br\/novoportal\/?p=56194"},"modified":"2016-03-22T20:55:18","modified_gmt":"2016-03-22T23:55:18","slug":"itapetinga-estudantes-de-maiquinique-fazem-protesto-em-frente-a-direc","status":"publish","type":"post","link":"https:\/\/www.sudoestehoje.com.br\/novoportal\/2016\/03\/22\/itapetinga-estudantes-de-maiquinique-fazem-protesto-em-frente-a-direc\/","title":{"rendered":"ITAPETINGA: ESTUDANTES DE MAIQUINIQUE FAZEM PROTESTO EM FRENTE \u00c0 DIREC"},"content":{"rendered":"<p><a href=\"http:\/\/www.sudoestehoje.com.br\/novoportal\/wp-content\/uploads\/2016\/03\/m-1.jpg\" rel=\"attachment wp-att-56195\"><img loading=\"lazy\" decoding=\"async\" class=\"aligncenter size-medium wp-image-56195\" src=\"http:\/\/www.sudoestehoje.com.br\/novoportal\/wp-content\/uploads\/2016\/03\/m-1-500x300.jpg\" alt=\"m 1\" width=\"500\" height=\"300\" srcset=\"https:\/\/www.sudoestehoje.com.br\/novoportal\/wp-content\/uploads\/2016\/03\/m-1-500x300.jpg 500w, https:\/\/www.sudoestehoje.com.br\/novoportal\/wp-content\/uploads\/2016\/03\/m-1-768x461.jpg 768w, https:\/\/www.sudoestehoje.com.br\/novoportal\/wp-content\/uploads\/2016\/03\/m-1-700x420.jpg 700w, https:\/\/www.sudoestehoje.com.br\/novoportal\/wp-content\/uploads\/2016\/03\/m-1.jpg 960w\" sizes=\"auto, (max-width: 500px) 100vw, 500px\" \/><\/a><\/p>\n<p>Na manh\u00e3 desta ter\u00e7a-feira, um grupo de estudantes do Col\u00e9gio Estadual Altair Almeida Meira, da cidade de Maiquinique, realizaram um protesto em frente ao N\u00facleo Estadual de Educa\u00e7\u00e3o- NRE-08 (antiga Direc), sediado em Itapetinga.<\/p>\n<p>Portando cartazes e at\u00e9 um megafone, os estudantes protestaram contra a falta de merenda escolar, professores e at\u00e9 contra os constantes atrasos dos pagamentos dos funcion\u00e1rios terceirizados, contratados pelo PST, que vivem na pen\u00faria.<\/p>\n<p><a href=\"http:\/\/www.sudoestehoje.com.br\/novoportal\/wp-content\/uploads\/2016\/03\/m-2.jpg\" rel=\"attachment wp-att-56196\"><img loading=\"lazy\" decoding=\"async\" class=\"aligncenter size-medium wp-image-56196\" src=\"http:\/\/www.sudoestehoje.com.br\/novoportal\/wp-content\/uploads\/2016\/03\/m-2-500x300.jpg\" alt=\"m 2\" width=\"500\" height=\"300\" srcset=\"https:\/\/www.sudoestehoje.com.br\/novoportal\/wp-content\/uploads\/2016\/03\/m-2-500x300.jpg 500w, https:\/\/www.sudoestehoje.com.br\/novoportal\/wp-content\/uploads\/2016\/03\/m-2-768x461.jpg 768w, https:\/\/www.sudoestehoje.com.br\/novoportal\/wp-content\/uploads\/2016\/03\/m-2-700x420.jpg 700w, https:\/\/www.sudoestehoje.com.br\/novoportal\/wp-content\/uploads\/2016\/03\/m-2.jpg 960w\" sizes=\"auto, (max-width: 500px) 100vw, 500px\" \/><\/a><\/p>\n<p>Segundo os alunos, na \u00fanica escola estadual do munic\u00edpio de Maiquinique, n\u00e3o est\u00e1 havendo aulas devido ao d\u00e9ficit de 11 professores e a falta de funcion\u00e1rios e merenda escolar, o que inviabiliza o pleno funcionamento da unidade.<\/p>\n<p>At\u00e9 o meio dia, quando a nossa reportagem ainda se encontrava no local do protesto, a coordenadora regional do NRE-08 ainda n\u00e3o havia recebido os estudantes, que se deslocaram de outro munic\u00edpio para lutar por seus direitos.<\/p>\n<p><a href=\"http:\/\/www.sudoestehoje.com.br\/novoportal\/wp-content\/uploads\/2016\/03\/m-3.jpg\" rel=\"attachment wp-att-56197\"><img loading=\"lazy\" decoding=\"async\" class=\"aligncenter size-medium wp-image-56197\" src=\"http:\/\/www.sudoestehoje.com.br\/novoportal\/wp-content\/uploads\/2016\/03\/m-3-500x300.jpg\" alt=\"m 3\" width=\"500\" height=\"300\" srcset=\"https:\/\/www.sudoestehoje.com.br\/novoportal\/wp-content\/uploads\/2016\/03\/m-3-500x300.jpg 500w, https:\/\/www.sudoestehoje.com.br\/novoportal\/wp-content\/uploads\/2016\/03\/m-3-768x461.jpg 768w, https:\/\/www.sudoestehoje.com.br\/novoportal\/wp-content\/uploads\/2016\/03\/m-3-700x420.jpg 700w, https:\/\/www.sudoestehoje.com.br\/novoportal\/wp-content\/uploads\/2016\/03\/m-3.jpg 960w\" sizes=\"auto, (max-width: 500px) 100vw, 500px\" \/><\/a><\/p>\n<p>A reportagem do Sudoeste Hoje constatou, ainda, que os port\u00f5es do n\u00facleo foram mantidos fechados, durante a manifesta\u00e7\u00e3o, deixando os estudantes literalmente no meio da rua.<\/p>\n<p>A demanda de Maiquinique ocorre tamb\u00e9m em outros munic\u00edpios, inclusive em Itapetinga, onde as aulas est\u00e3o sendo sacrificadas por falta de merenda escolar e pagamento dos terceirizados.<\/p>\n<p>P\u00e1tria Educadora!<\/p>\n<p><strong><em>Por Davi Ferraz\u00a0<\/em><\/strong><\/p>\n","protected":false},"excerpt":{"rendered":"<p>Na manh\u00e3 desta ter\u00e7a-feira, um grupo de estudantes do Col\u00e9gio Estadual Altair Almeida Meira, da cidade de Maiquinique, realizaram um protesto em frente ao N\u00facleo Estadual de Educa\u00e7\u00e3o- NRE-08 (antiga Direc), sediado em Itapetinga. Portando cartazes e at\u00e9 um megafone, os estudantes protestaram contra a falta de merenda escolar, professores e at\u00e9 contra os constantes [&hellip;]<\/p>\n","protected":false},"author":2,"featured_media":0,"comment_status":"open","ping_status":"open","sticky":false,"template":"","format":"standard","meta":{"footnotes":"","_links_to":"","_links_to_target":""},"categories":[1],"tags":[],"class_list":["post-56194","post","type-post","status-publish","format-standard","hentry","category-geral"],"views":3828,"_links":{"self":[{"href":"https:\/\/www.sudoestehoje.com.br\/novoportal\/wp-json\/wp\/v2\/posts\/56194","targetHints":{"allow":["GET"]}}],"collection":[{"href":"https:\/\/www.sudoestehoje.com.br\/novoportal\/wp-json\/wp\/v2\/posts"}],"about":[{"href":"https:\/\/www.sudoestehoje.com.br\/novoportal\/wp-json\/wp\/v2\/types\/post"}],"author":[{"embeddable":true,"href":"https:\/\/www.sudoestehoje.com.br\/novoportal\/wp-json\/wp\/v2\/users\/2"}],"replies":[{"embeddable":true,"href":"https:\/\/www.sudoestehoje.com.br\/novoportal\/wp-json\/wp\/v2\/comments?post=56194"}],"version-history":[{"count":2,"href":"https:\/\/www.sudoestehoje.com.br\/novoportal\/wp-json\/wp\/v2\/posts\/56194\/revisions"}],"predecessor-version":[{"id":56199,"href":"https:\/\/www.sudoestehoje.com.br\/novoportal\/wp-json\/wp\/v2\/posts\/56194\/revisions\/56199"}],"wp:attachment":[{"href":"https:\/\/www.sudoestehoje.com.br\/novoportal\/wp-json\/wp\/v2\/media?parent=56194"}],"wp:term":[{"taxonomy":"category","embeddable":true,"href":"https:\/\/www.sudoestehoje.com.br\/novoportal\/wp-json\/wp\/v2\/categories?post=56194"},{"taxonomy":"post_tag","embeddable":true,"href":"https:\/\/www.sudoestehoje.com.br\/novoportal\/wp-json\/wp\/v2\/tags?post=56194"}],"curies":[{"name":"wp","href":"https:\/\/api.w.org\/{rel}","templated":true}]}}