
{"id":56189,"date":"2016-03-22T00:08:47","date_gmt":"2016-03-22T03:08:47","guid":{"rendered":"http:\/\/www.sudoestehoje.com.br\/novoportal\/?p=56189"},"modified":"2016-03-22T00:12:23","modified_gmt":"2016-03-22T03:12:23","slug":"morre-em-itapetinga-o-pecuarista-alberto-anunciacao","status":"publish","type":"post","link":"https:\/\/www.sudoestehoje.com.br\/novoportal\/2016\/03\/22\/morre-em-itapetinga-o-pecuarista-alberto-anunciacao\/","title":{"rendered":"MORRE EM ITAPETINGA O PECUARISTA ALBERTO ANUNCIA\u00c7\u00c3O"},"content":{"rendered":"<p><a href=\"https:\/\/1.bp.blogspot.com\/-iVxsqfVteGo\/VvCrQZhoL-I\/AAAAAAABfiA\/m2WfKQQUN7MIF5fvCar0s_z-z8VuCj2lA\/s1600\/alberto%2Banuncia%25C3%25A7%25C3%25A3o.jpg\"><img loading=\"lazy\" decoding=\"async\" class=\"alignleft\" src=\"https:\/\/1.bp.blogspot.com\/-iVxsqfVteGo\/VvCrQZhoL-I\/AAAAAAABfiA\/m2WfKQQUN7MIF5fvCar0s_z-z8VuCj2lA\/s320\/alberto%2Banuncia%25C3%25A7%25C3%25A3o.jpg\" alt=\"\" width=\"200\" height=\"240\" border=\"0\" \/><\/a><\/p>\n<p>Faleceu, na noite desta segunda-feira (21), Alberto Feitosa Anuncia\u00e7\u00e3o, 63 anos, pecuarista e antigo propriet\u00e1rio do Dep\u00f3sito Alagoano, localizado na Pra\u00e7a da Bandeira.<\/p>\n<p>Alberto sofria de insufici\u00eancia renal e estava hospitalizado, h\u00e1 uma semana, na UTI da Funda\u00e7\u00e3o Jos\u00e9 Silveira, em Itapetinga. Por volta das 20h desta segunda-feira, ap\u00f3s uma fal\u00eancia m\u00faltipla de \u00f3rg\u00e3os, veio a \u00f3bito.<\/p>\n<p>Alberto Anuncia\u00e7\u00e3o era filho de Deraldo e D. Marina Anuncia\u00e7\u00e3o e residia na Rua S\u00e3o Caetano, no Bairro Primavera.<\/p>\n<p>Seu corpo est\u00e1 sendo velado no Sal\u00e3o do Cerimonial Pax Perfei\u00e7\u00e3o, localizado na Avenida Cinquenten\u00e1rio, Centro de Itapetinga.<\/p>\n<p>O editor Sudoeste Hoje manifesta as suas condol\u00eancias aos familiares de Alberto, pelo passamento do grande amigo e colega de adolesc\u00eancia. Informa\u00e7\u00f5es do Itapetinga Agora<\/p>\n<p><img decoding=\"async\" class=\"aligncenter\" src=\"http:\/\/www.sudoestehoje.com.br\/novoportal\/wp-content\/uploads\/2014\/12\/skala-novo.jpg\" alt=\"\" \/><\/p>\n","protected":false},"excerpt":{"rendered":"<p>Faleceu, na noite desta segunda-feira (21), Alberto Feitosa Anuncia\u00e7\u00e3o, 63 anos, pecuarista e antigo propriet\u00e1rio do Dep\u00f3sito Alagoano, localizado na Pra\u00e7a da Bandeira. Alberto sofria de insufici\u00eancia renal e estava hospitalizado, h\u00e1 uma semana, na UTI da Funda\u00e7\u00e3o Jos\u00e9 Silveira, em Itapetinga. Por volta das 20h desta segunda-feira, ap\u00f3s uma fal\u00eancia m\u00faltipla de \u00f3rg\u00e3os, veio [&hellip;]<\/p>\n","protected":false},"author":2,"featured_media":0,"comment_status":"open","ping_status":"open","sticky":false,"template":"","format":"standard","meta":{"footnotes":"","_links_to":"","_links_to_target":""},"categories":[1],"tags":[],"class_list":["post-56189","post","type-post","status-publish","format-standard","hentry","category-geral"],"views":1323,"_links":{"self":[{"href":"https:\/\/www.sudoestehoje.com.br\/novoportal\/wp-json\/wp\/v2\/posts\/56189","targetHints":{"allow":["GET"]}}],"collection":[{"href":"https:\/\/www.sudoestehoje.com.br\/novoportal\/wp-json\/wp\/v2\/posts"}],"about":[{"href":"https:\/\/www.sudoestehoje.com.br\/novoportal\/wp-json\/wp\/v2\/types\/post"}],"author":[{"embeddable":true,"href":"https:\/\/www.sudoestehoje.com.br\/novoportal\/wp-json\/wp\/v2\/users\/2"}],"replies":[{"embeddable":true,"href":"https:\/\/www.sudoestehoje.com.br\/novoportal\/wp-json\/wp\/v2\/comments?post=56189"}],"version-history":[{"count":4,"href":"https:\/\/www.sudoestehoje.com.br\/novoportal\/wp-json\/wp\/v2\/posts\/56189\/revisions"}],"predecessor-version":[{"id":56193,"href":"https:\/\/www.sudoestehoje.com.br\/novoportal\/wp-json\/wp\/v2\/posts\/56189\/revisions\/56193"}],"wp:attachment":[{"href":"https:\/\/www.sudoestehoje.com.br\/novoportal\/wp-json\/wp\/v2\/media?parent=56189"}],"wp:term":[{"taxonomy":"category","embeddable":true,"href":"https:\/\/www.sudoestehoje.com.br\/novoportal\/wp-json\/wp\/v2\/categories?post=56189"},{"taxonomy":"post_tag","embeddable":true,"href":"https:\/\/www.sudoestehoje.com.br\/novoportal\/wp-json\/wp\/v2\/tags?post=56189"}],"curies":[{"name":"wp","href":"https:\/\/api.w.org\/{rel}","templated":true}]}}