
{"id":56177,"date":"2016-03-21T20:38:31","date_gmt":"2016-03-21T23:38:31","guid":{"rendered":"http:\/\/www.sudoestehoje.com.br\/novoportal\/?p=56177"},"modified":"2016-03-21T20:42:44","modified_gmt":"2016-03-21T23:42:44","slug":"lava-jato-cupula-do-pp-baiano-e-indiciada-pela-policia-federal","status":"publish","type":"post","link":"https:\/\/www.sudoestehoje.com.br\/novoportal\/2016\/03\/21\/lava-jato-cupula-do-pp-baiano-e-indiciada-pela-policia-federal\/","title":{"rendered":"LAVA JATO: C\u00daPULA DO PP BAIANO \u00c9 INDICIADA PELA POL\u00cdCIA FEDERAL"},"content":{"rendered":"<p><a href=\"http:\/\/www.agravo.blog.br\/wp-content\/uploads\/2016\/03\/PPbaiano.jpg\"><img loading=\"lazy\" decoding=\"async\" class=\"wp-image-47789 aligncenter\" src=\"http:\/\/www.agravo.blog.br\/wp-content\/uploads\/2016\/03\/PPbaiano.jpg\" alt=\"M\u00e1rio Negromonte, M\u00e1rio Negromonte Filho e Roberto Brito foram indiciados pela Pol\u00edcia Federal. Foto Montagem Blog Agravo.\" width=\"501\" height=\"223\" \/><\/a><\/p>\n<p>A Pol\u00edcia Federal indiciou o ex-deputado federal M\u00e1rio Negromonte (ex-ministro de Cidades e atual conselheiro do Tribunal de Contas da Bahia) e os deputados M\u00e1rio Negromonte J\u00fanior (PP-BA), e Roberto Pereira\u00a0de Britto (PP-BA).<\/p>\n<p>Todos foram indiciados por corrup\u00e7\u00e3o passiva qualificada, lavagem de dinheiro e organiza\u00e7\u00e3o criminosa. A\u00a0Mario Negromonte J\u00fanior tamb\u00e9m foi imputado crime de amea\u00e7a. A PF aponta que ele\u00a0tentou obstruir as investiga\u00e7\u00f5es da Lava Jato, \u2018fazendo amea\u00e7a velada \u00e0 integridade f\u00edsica do ex-deputado Jo\u00e3o Argolo e seus familiares na tentativa de evitar que ele fizesse acordo de dela\u00e7\u00e3o premiada\u2019.<\/p>\n<p>A\u00a0pol\u00edcia concluiu que eles receberam reiteradas vezes entre 2006 e 2014 propina proveniente de contratos da Petrobr\u00e1s com as empresas Braskem\/Odebrecht, Queiroz Galv\u00e3o, Jaragu\u00e1 Equipamentos, Mendes Junior e Andrade Gutierrez. O esquema era operado pelo doleiro Alberto Youssef, delator da Lava Jato e um dos personagens centrais da Lava Jato.<\/p>\n<p>Tamb\u00e9m foram indiciados os ex- deputado\u00a0Jo\u00e3o Alberto Pizzolatti (atual secret\u00e1rio extraordin\u00e1rio de Rela\u00e7\u00f5es Institucionais de Roraima), e o deputado federal\u00a0Jos\u00e9 Ot\u00e1vio Germano (PP-RS).<\/p>\n<p>Pizzolatti e Mario Negromonte eram l\u00edderes do PP e participaram, segundo a PF, de uma organiza\u00e7\u00e3o criminosa, que ao longo de 8 anos movimentou a cerca de R$ 500 milh\u00f5es \u2019em recursos efetivamente desviados da Petrobr\u00e1s\u2019, por meio de doa\u00e7\u00f5es eleitorais fraudulentas, repasses em esp\u00e9cies e custeio de despesas pessoais dos envolvidos e a terceiros a eles ligados. (AE)<\/p>\n<p><img decoding=\"async\" class=\"aligncenter\" src=\"http:\/\/www.sudoestehoje.com.br\/novoportal\/wp-content\/uploads\/2014\/12\/Banner-Casabella-500x104.jpg\" alt=\"\" \/><\/p>\n","protected":false},"excerpt":{"rendered":"<p>A Pol\u00edcia Federal indiciou o ex-deputado federal M\u00e1rio Negromonte (ex-ministro de Cidades e atual conselheiro do Tribunal de Contas da Bahia) e os deputados M\u00e1rio Negromonte J\u00fanior (PP-BA), e Roberto Pereira\u00a0de Britto (PP-BA). Todos foram indiciados por corrup\u00e7\u00e3o passiva qualificada, lavagem de dinheiro e organiza\u00e7\u00e3o criminosa. A\u00a0Mario Negromonte J\u00fanior tamb\u00e9m foi imputado crime de amea\u00e7a. [&hellip;]<\/p>\n","protected":false},"author":2,"featured_media":0,"comment_status":"open","ping_status":"open","sticky":false,"template":"","format":"standard","meta":{"footnotes":"","_links_to":"","_links_to_target":""},"categories":[1],"tags":[],"class_list":["post-56177","post","type-post","status-publish","format-standard","hentry","category-geral"],"views":1256,"_links":{"self":[{"href":"https:\/\/www.sudoestehoje.com.br\/novoportal\/wp-json\/wp\/v2\/posts\/56177","targetHints":{"allow":["GET"]}}],"collection":[{"href":"https:\/\/www.sudoestehoje.com.br\/novoportal\/wp-json\/wp\/v2\/posts"}],"about":[{"href":"https:\/\/www.sudoestehoje.com.br\/novoportal\/wp-json\/wp\/v2\/types\/post"}],"author":[{"embeddable":true,"href":"https:\/\/www.sudoestehoje.com.br\/novoportal\/wp-json\/wp\/v2\/users\/2"}],"replies":[{"embeddable":true,"href":"https:\/\/www.sudoestehoje.com.br\/novoportal\/wp-json\/wp\/v2\/comments?post=56177"}],"version-history":[{"count":2,"href":"https:\/\/www.sudoestehoje.com.br\/novoportal\/wp-json\/wp\/v2\/posts\/56177\/revisions"}],"predecessor-version":[{"id":56179,"href":"https:\/\/www.sudoestehoje.com.br\/novoportal\/wp-json\/wp\/v2\/posts\/56177\/revisions\/56179"}],"wp:attachment":[{"href":"https:\/\/www.sudoestehoje.com.br\/novoportal\/wp-json\/wp\/v2\/media?parent=56177"}],"wp:term":[{"taxonomy":"category","embeddable":true,"href":"https:\/\/www.sudoestehoje.com.br\/novoportal\/wp-json\/wp\/v2\/categories?post=56177"},{"taxonomy":"post_tag","embeddable":true,"href":"https:\/\/www.sudoestehoje.com.br\/novoportal\/wp-json\/wp\/v2\/tags?post=56177"}],"curies":[{"name":"wp","href":"https:\/\/api.w.org\/{rel}","templated":true}]}}