
{"id":56173,"date":"2016-03-21T18:30:14","date_gmt":"2016-03-21T21:30:14","guid":{"rendered":"http:\/\/www.sudoestehoje.com.br\/novoportal\/?p=56173"},"modified":"2016-03-21T20:44:45","modified_gmt":"2016-03-21T23:44:45","slug":"conquista-homem-que-assassinou-itinho-no-capinal-foi-capturado-por-populares","status":"publish","type":"post","link":"https:\/\/www.sudoestehoje.com.br\/novoportal\/2016\/03\/21\/conquista-homem-que-assassinou-itinho-no-capinal-foi-capturado-por-populares\/","title":{"rendered":"CONQUISTA: HOMEM QUE ASSASSINOU ITINHO NO CAPINAL FOI CAPTURADO POR POPULARES"},"content":{"rendered":"<p><a href=\"http:\/\/www.sudoestehoje.com.br\/novoportal\/wp-content\/uploads\/2016\/03\/policialcapinal-03.jpg\" rel=\"attachment wp-att-56172\"><img loading=\"lazy\" decoding=\"async\" class=\"aligncenter size-full wp-image-56172\" src=\"http:\/\/www.sudoestehoje.com.br\/novoportal\/wp-content\/uploads\/2016\/03\/policialcapinal-03.jpg\" alt=\"policialcapinal-03\" width=\"450\" height=\"271\" \/><\/a><\/p>\n<p>A Pol\u00edcia Civil de Vit\u00f3ria da Conquista prendeu o acusado de\u00a0assassinar o ex-policial Elenito Ribas\u00a0(Itinho) na noite de ontem (domingo) no povoado do Capinal.<\/p>\n<p>Segundo a pol\u00edcia, a v\u00edtima foi morta a facadas por um suspeito identificado como Patrick. Elenito foi assassinado ap\u00f3s tentar evitar uma briga entre Patrick e a esposa.<\/p>\n<p>O suspeito conseguiu fugir, mas acabou sendo capturado por populares. Patrick ficou amarrado de cabe\u00e7a para baixo at\u00e9 a pol\u00edcia chegar.<\/p>\n<p>O corpo de Elenito foi encaminhado para Itapetinga, cidade que nasceu, para vel\u00f3rio e sepultamento. Blog do Rodrigo Ferraz<\/p>\n<p><img decoding=\"async\" class=\"aligncenter\" src=\"http:\/\/www.sudoestehoje.com.br\/novoportal\/wp-content\/uploads\/2015\/12\/rezende-500x185.png\" alt=\"rezende\" \/><\/p>\n","protected":false},"excerpt":{"rendered":"<p>A Pol\u00edcia Civil de Vit\u00f3ria da Conquista prendeu o acusado de\u00a0assassinar o ex-policial Elenito Ribas\u00a0(Itinho) na noite de ontem (domingo) no povoado do Capinal. Segundo a pol\u00edcia, a v\u00edtima foi morta a facadas por um suspeito identificado como Patrick. Elenito foi assassinado ap\u00f3s tentar evitar uma briga entre Patrick e a esposa. O suspeito conseguiu [&hellip;]<\/p>\n","protected":false},"author":2,"featured_media":0,"comment_status":"open","ping_status":"open","sticky":false,"template":"","format":"standard","meta":{"footnotes":"","_links_to":"","_links_to_target":""},"categories":[1],"tags":[],"class_list":["post-56173","post","type-post","status-publish","format-standard","hentry","category-geral"],"views":1325,"_links":{"self":[{"href":"https:\/\/www.sudoestehoje.com.br\/novoportal\/wp-json\/wp\/v2\/posts\/56173","targetHints":{"allow":["GET"]}}],"collection":[{"href":"https:\/\/www.sudoestehoje.com.br\/novoportal\/wp-json\/wp\/v2\/posts"}],"about":[{"href":"https:\/\/www.sudoestehoje.com.br\/novoportal\/wp-json\/wp\/v2\/types\/post"}],"author":[{"embeddable":true,"href":"https:\/\/www.sudoestehoje.com.br\/novoportal\/wp-json\/wp\/v2\/users\/2"}],"replies":[{"embeddable":true,"href":"https:\/\/www.sudoestehoje.com.br\/novoportal\/wp-json\/wp\/v2\/comments?post=56173"}],"version-history":[{"count":2,"href":"https:\/\/www.sudoestehoje.com.br\/novoportal\/wp-json\/wp\/v2\/posts\/56173\/revisions"}],"predecessor-version":[{"id":56180,"href":"https:\/\/www.sudoestehoje.com.br\/novoportal\/wp-json\/wp\/v2\/posts\/56173\/revisions\/56180"}],"wp:attachment":[{"href":"https:\/\/www.sudoestehoje.com.br\/novoportal\/wp-json\/wp\/v2\/media?parent=56173"}],"wp:term":[{"taxonomy":"category","embeddable":true,"href":"https:\/\/www.sudoestehoje.com.br\/novoportal\/wp-json\/wp\/v2\/categories?post=56173"},{"taxonomy":"post_tag","embeddable":true,"href":"https:\/\/www.sudoestehoje.com.br\/novoportal\/wp-json\/wp\/v2\/tags?post=56173"}],"curies":[{"name":"wp","href":"https:\/\/api.w.org\/{rel}","templated":true}]}}