
{"id":56166,"date":"2016-03-21T11:39:40","date_gmt":"2016-03-21T14:39:40","guid":{"rendered":"http:\/\/www.sudoestehoje.com.br\/novoportal\/?p=56166"},"modified":"2016-03-21T20:47:16","modified_gmt":"2016-03-21T23:47:16","slug":"rui-admite-que-governo-dilma-perdeu-capacidade-de-gestao","status":"publish","type":"post","link":"https:\/\/www.sudoestehoje.com.br\/novoportal\/2016\/03\/21\/rui-admite-que-governo-dilma-perdeu-capacidade-de-gestao\/","title":{"rendered":"RUI ADMITE QUE GOVERNO DILMA &#8220;PERDEU CAPACIDADE DE GEST\u00c3O&#8221;"},"content":{"rendered":"<p><a href=\"http:\/\/www.sudoestehoje.com.br\/novoportal\/wp-content\/uploads\/2016\/03\/RUI-E-DILMA.jpg\" rel=\"attachment wp-att-56167\"><img loading=\"lazy\" decoding=\"async\" class=\"aligncenter size-medium wp-image-56167\" src=\"http:\/\/www.sudoestehoje.com.br\/novoportal\/wp-content\/uploads\/2016\/03\/RUI-E-DILMA-500x350.jpg\" alt=\"RUI E DILMA\" width=\"500\" height=\"350\" srcset=\"https:\/\/www.sudoestehoje.com.br\/novoportal\/wp-content\/uploads\/2016\/03\/RUI-E-DILMA-500x350.jpg 500w, https:\/\/www.sudoestehoje.com.br\/novoportal\/wp-content\/uploads\/2016\/03\/RUI-E-DILMA.jpg 600w\" sizes=\"auto, (max-width: 500px) 100vw, 500px\" \/><\/a><\/p>\n<p>O governador da Bahia, Rui Costa (PT) admitiu,\u00a0pela primeira vez, que o governo federal pecou na pol\u00edtica econ\u00f4mica. \u201cSe algu\u00e9m me perguntar, eu digo que, do ponto de vista econ\u00f4mico, o governo \u00e9 muito lento. H\u00e1 uma necessidade do enxugamento da m\u00e1quina p\u00fablica federal. A Codevasf [Companhia de Desenvolvimento dos Vales do S\u00e3o Francisco e do Parna\u00edba], a Infraero [Empresa Brasileira de Infraestrutura Aeroportu\u00e1ria] n\u00e3o t\u00eam mais sentido. N\u00e3o pode ser o \u2018liberou geral\u2019 ou o \u2018trancou tudo\u2019\u201d, disse o chefe do Executivo baiano \u00e0 R\u00e1dio Metr\u00f3pole, nesta segunda-feira (21).<\/p>\n<p>O petista ainda\u00a0afirmou\u00a0que, durante o mandato, Dilma cometeu erros. \u201cUm grande erro dela foi ter acreditado que o mercado iria usar a ren\u00fancia fiscal que ela fez. Ela abriu m\u00e3o de meio trilh\u00e3o, isso n\u00e3o foi usado em redu\u00e7\u00e3o de pre\u00e7o. Prejudicou os munic\u00edpios e os estados. Houve uma ren\u00fancia fiscal de meio trilh\u00e3o e n\u00e3o houve a contrapartida esperada. Ela perdeu muito. A crise de 2009 que pegou a Europa atingiu boa parte do planeta, o Brasil conseguiu adiar. O governo perdeu capacidade de gest\u00e3o. A economia precisa mudar, precisamos ser cir\u00fargicos e tomar medidas que geram emprego e renda\u201d, enfatizou.<\/p>\n<p><img decoding=\"async\" class=\"aligncenter\" src=\"http:\/\/www.sudoestehoje.com.br\/novoportal\/wp-content\/uploads\/2014\/09\/supermoda.png\" alt=\"supermoda\" \/><\/p>\n","protected":false},"excerpt":{"rendered":"<p>O governador da Bahia, Rui Costa (PT) admitiu,\u00a0pela primeira vez, que o governo federal pecou na pol\u00edtica econ\u00f4mica. \u201cSe algu\u00e9m me perguntar, eu digo que, do ponto de vista econ\u00f4mico, o governo \u00e9 muito lento. H\u00e1 uma necessidade do enxugamento da m\u00e1quina p\u00fablica federal. A Codevasf [Companhia de Desenvolvimento dos Vales do S\u00e3o Francisco e [&hellip;]<\/p>\n","protected":false},"author":2,"featured_media":0,"comment_status":"open","ping_status":"open","sticky":false,"template":"","format":"standard","meta":{"footnotes":"","_links_to":"","_links_to_target":""},"categories":[1],"tags":[],"class_list":["post-56166","post","type-post","status-publish","format-standard","hentry","category-geral"],"views":1507,"_links":{"self":[{"href":"https:\/\/www.sudoestehoje.com.br\/novoportal\/wp-json\/wp\/v2\/posts\/56166","targetHints":{"allow":["GET"]}}],"collection":[{"href":"https:\/\/www.sudoestehoje.com.br\/novoportal\/wp-json\/wp\/v2\/posts"}],"about":[{"href":"https:\/\/www.sudoestehoje.com.br\/novoportal\/wp-json\/wp\/v2\/types\/post"}],"author":[{"embeddable":true,"href":"https:\/\/www.sudoestehoje.com.br\/novoportal\/wp-json\/wp\/v2\/users\/2"}],"replies":[{"embeddable":true,"href":"https:\/\/www.sudoestehoje.com.br\/novoportal\/wp-json\/wp\/v2\/comments?post=56166"}],"version-history":[{"count":3,"href":"https:\/\/www.sudoestehoje.com.br\/novoportal\/wp-json\/wp\/v2\/posts\/56166\/revisions"}],"predecessor-version":[{"id":56181,"href":"https:\/\/www.sudoestehoje.com.br\/novoportal\/wp-json\/wp\/v2\/posts\/56166\/revisions\/56181"}],"wp:attachment":[{"href":"https:\/\/www.sudoestehoje.com.br\/novoportal\/wp-json\/wp\/v2\/media?parent=56166"}],"wp:term":[{"taxonomy":"category","embeddable":true,"href":"https:\/\/www.sudoestehoje.com.br\/novoportal\/wp-json\/wp\/v2\/categories?post=56166"},{"taxonomy":"post_tag","embeddable":true,"href":"https:\/\/www.sudoestehoje.com.br\/novoportal\/wp-json\/wp\/v2\/tags?post=56166"}],"curies":[{"name":"wp","href":"https:\/\/api.w.org\/{rel}","templated":true}]}}