
{"id":56164,"date":"2016-03-21T11:20:12","date_gmt":"2016-03-21T14:20:12","guid":{"rendered":"http:\/\/www.sudoestehoje.com.br\/novoportal\/?p=56164"},"modified":"2016-03-21T20:48:23","modified_gmt":"2016-03-21T23:48:23","slug":"elenito-ribas-o-itinho-morre-vitima-de-assalto-em-vitoria-da-conquista","status":"publish","type":"post","link":"https:\/\/www.sudoestehoje.com.br\/novoportal\/2016\/03\/21\/elenito-ribas-o-itinho-morre-vitima-de-assalto-em-vitoria-da-conquista\/","title":{"rendered":"ELENITO RIBAS, O &#8220;ITINHO&#8221;, MORRE V\u00cdTIMA DE ASSALTO EM VIT\u00d3RIA DA CONQUISTA"},"content":{"rendered":"<p><a href=\"https:\/\/2.bp.blogspot.com\/-xvzqAPn6LNY\/Vu9fDgUIjyI\/AAAAAAABfhA\/9N-EVZd5DiU9LuPt5GtCAqvsk7c5mjvJQ\/s1600\/burro%2Binchado.png\"><img loading=\"lazy\" decoding=\"async\" class=\"aligncenter\" src=\"https:\/\/2.bp.blogspot.com\/-xvzqAPn6LNY\/Vu9fDgUIjyI\/AAAAAAABfhA\/9N-EVZd5DiU9LuPt5GtCAqvsk7c5mjvJQ\/s400\/burro%2Binchado.png\" alt=\"\" width=\"500\" height=\"289\" border=\"0\" \/><\/a><\/p>\n<p>Elenito Ribas Sousa, popularmente conhecido como &#8220;Itinho&#8221;, foi assassinado a facadas, neste domingo (20) , em Vit\u00f3ria da Conquista, quando se encontrava em um s\u00edtio no povoado de Capinal, pr\u00f3ximo ao Mar\u00e7al.<\/p>\n<p>Segundo informa\u00e7\u00f5es, um bandido teria invadido a propriedade e anunciado o assalto, quando o ex-policial reagiu, tentando tomar a faca do criminoso, sem sucesso.<\/p>\n<p>Na luta corporal, Itinho acabou recebendo v\u00e1rios golpes, vindo a falecer momentos depois. N\u00e3o se sabe se o bandido levou algum objeto do s\u00edtio.<\/p>\n<p>Elenito Ribas, tamb\u00e9m conhecido como &#8220;Burro Inchado&#8221;, era figura conhecida em Itapetinga e morava na rua Marechal Deodoro da Fonseca, no centro da centro.<\/p>\n<p>o corpo de j\u00e1 foi trasladado para Itapetinga e est\u00e1 sendo velado no Cerimonial Pax Perfei\u00e7\u00e3o. O sepultamento est\u00e1 previsto para esta segunda-feira (21). Foto Itapetinga Agora<\/p>\n<p><strong><em>Da Reda\u00e7\u00e3o<\/em><\/strong><\/p>\n<p><img decoding=\"async\" class=\"aligncenter\" src=\"http:\/\/www.sudoestehoje.com.br\/novoportal\/wp-content\/uploads\/2014\/07\/Feira-do-Lar-1.png\" alt=\"Feira-do-Lar (1)\" \/><\/p>\n","protected":false},"excerpt":{"rendered":"<p>Elenito Ribas Sousa, popularmente conhecido como &#8220;Itinho&#8221;, foi assassinado a facadas, neste domingo (20) , em Vit\u00f3ria da Conquista, quando se encontrava em um s\u00edtio no povoado de Capinal, pr\u00f3ximo ao Mar\u00e7al. Segundo informa\u00e7\u00f5es, um bandido teria invadido a propriedade e anunciado o assalto, quando o ex-policial reagiu, tentando tomar a faca do criminoso, sem [&hellip;]<\/p>\n","protected":false},"author":2,"featured_media":0,"comment_status":"open","ping_status":"open","sticky":false,"template":"","format":"standard","meta":{"footnotes":"","_links_to":"","_links_to_target":""},"categories":[1],"tags":[],"class_list":["post-56164","post","type-post","status-publish","format-standard","hentry","category-geral"],"views":2122,"_links":{"self":[{"href":"https:\/\/www.sudoestehoje.com.br\/novoportal\/wp-json\/wp\/v2\/posts\/56164","targetHints":{"allow":["GET"]}}],"collection":[{"href":"https:\/\/www.sudoestehoje.com.br\/novoportal\/wp-json\/wp\/v2\/posts"}],"about":[{"href":"https:\/\/www.sudoestehoje.com.br\/novoportal\/wp-json\/wp\/v2\/types\/post"}],"author":[{"embeddable":true,"href":"https:\/\/www.sudoestehoje.com.br\/novoportal\/wp-json\/wp\/v2\/users\/2"}],"replies":[{"embeddable":true,"href":"https:\/\/www.sudoestehoje.com.br\/novoportal\/wp-json\/wp\/v2\/comments?post=56164"}],"version-history":[{"count":3,"href":"https:\/\/www.sudoestehoje.com.br\/novoportal\/wp-json\/wp\/v2\/posts\/56164\/revisions"}],"predecessor-version":[{"id":56182,"href":"https:\/\/www.sudoestehoje.com.br\/novoportal\/wp-json\/wp\/v2\/posts\/56164\/revisions\/56182"}],"wp:attachment":[{"href":"https:\/\/www.sudoestehoje.com.br\/novoportal\/wp-json\/wp\/v2\/media?parent=56164"}],"wp:term":[{"taxonomy":"category","embeddable":true,"href":"https:\/\/www.sudoestehoje.com.br\/novoportal\/wp-json\/wp\/v2\/categories?post=56164"},{"taxonomy":"post_tag","embeddable":true,"href":"https:\/\/www.sudoestehoje.com.br\/novoportal\/wp-json\/wp\/v2\/tags?post=56164"}],"curies":[{"name":"wp","href":"https:\/\/api.w.org\/{rel}","templated":true}]}}