
{"id":56145,"date":"2016-03-19T20:10:54","date_gmt":"2016-03-19T23:10:54","guid":{"rendered":"http:\/\/www.sudoestehoje.com.br\/novoportal\/?p=56145"},"modified":"2016-03-19T20:11:26","modified_gmt":"2016-03-19T23:11:26","slug":"ex-presidente-da-vale-e-samarco-morre-em-queda-de-aviao","status":"publish","type":"post","link":"https:\/\/www.sudoestehoje.com.br\/novoportal\/2016\/03\/19\/ex-presidente-da-vale-e-samarco-morre-em-queda-de-aviao\/","title":{"rendered":"EX-PRESIDENTE DA VALE E SAMARCO MORRE EM QUEDA DE AVI\u00c3O"},"content":{"rendered":"<p><a href=\"http:\/\/www.sudoestehoje.com.br\/novoportal\/wp-content\/uploads\/2016\/03\/AVI\u00c3O-VALE.jpg\" rel=\"attachment wp-att-56146\"><img loading=\"lazy\" decoding=\"async\" class=\"size-medium wp-image-56146 aligncenter\" src=\"http:\/\/www.sudoestehoje.com.br\/novoportal\/wp-content\/uploads\/2016\/03\/AVI\u00c3O-VALE-500x333.jpg\" alt=\"SAO PAULO, SP, 19.03.2016: ACIDENTE-SP - Um aviao motomotor com sete pessoas caiu em cima de uma casa, na rua Frei Machado, no Jardim Sao Bento, zona norte de Sao Paulo. Todos os ocupantes morreram, os moradores da residencia nao sofreram ferimentos. (Foto: Dario Oliveira\/Codigo19)\" width=\"500\" height=\"333\" srcset=\"https:\/\/www.sudoestehoje.com.br\/novoportal\/wp-content\/uploads\/2016\/03\/AVI\u00c3O-VALE-500x333.jpg 500w, https:\/\/www.sudoestehoje.com.br\/novoportal\/wp-content\/uploads\/2016\/03\/AVI\u00c3O-VALE-700x467.jpg 700w, https:\/\/www.sudoestehoje.com.br\/novoportal\/wp-content\/uploads\/2016\/03\/AVI\u00c3O-VALE.jpg 750w\" sizes=\"auto, (max-width: 500px) 100vw, 500px\" \/><\/a><\/p>\n<p>Roger Agnelli, ex-presidente da Vale, controladora da mineradora Samarco, morreu hoje aos 56 anos, em um acidente de avi\u00e3o. Ele estava acompanhado da fam\u00edlia.<\/p>\n<p>A aeronave caiu na Zona Norte de S\u00e3o Paulo, por volta das 15h20, logo ap\u00f3s decolar, a cerca de 200 metros da pista de pouso do Campo de Marte.<\/p>\n<p>Eles estavam a caminho do aeroporto Santos Dumont, no Rio de Janeiro. Roger foi o respons\u00e1vel pelo processo de internacionaliza\u00e7\u00e3o da Vale, o que a tornou a segunda mineradora do mundo.<\/p>\n<p>O avi\u00e3o caiu em cima de uma casa, mas os cinco moradores sofreram ferimentos leves. Morreram os sete ocupantes da aeronave.<\/p>\n","protected":false},"excerpt":{"rendered":"<p>Roger Agnelli, ex-presidente da Vale, controladora da mineradora Samarco, morreu hoje aos 56 anos, em um acidente de avi\u00e3o. Ele estava acompanhado da fam\u00edlia. A aeronave caiu na Zona Norte de S\u00e3o Paulo, por volta das 15h20, logo ap\u00f3s decolar, a cerca de 200 metros da pista de pouso do Campo de Marte. Eles estavam [&hellip;]<\/p>\n","protected":false},"author":2,"featured_media":0,"comment_status":"open","ping_status":"open","sticky":false,"template":"","format":"standard","meta":{"footnotes":"","_links_to":"","_links_to_target":""},"categories":[1],"tags":[],"class_list":["post-56145","post","type-post","status-publish","format-standard","hentry","category-geral"],"views":3282,"_links":{"self":[{"href":"https:\/\/www.sudoestehoje.com.br\/novoportal\/wp-json\/wp\/v2\/posts\/56145","targetHints":{"allow":["GET"]}}],"collection":[{"href":"https:\/\/www.sudoestehoje.com.br\/novoportal\/wp-json\/wp\/v2\/posts"}],"about":[{"href":"https:\/\/www.sudoestehoje.com.br\/novoportal\/wp-json\/wp\/v2\/types\/post"}],"author":[{"embeddable":true,"href":"https:\/\/www.sudoestehoje.com.br\/novoportal\/wp-json\/wp\/v2\/users\/2"}],"replies":[{"embeddable":true,"href":"https:\/\/www.sudoestehoje.com.br\/novoportal\/wp-json\/wp\/v2\/comments?post=56145"}],"version-history":[{"count":2,"href":"https:\/\/www.sudoestehoje.com.br\/novoportal\/wp-json\/wp\/v2\/posts\/56145\/revisions"}],"predecessor-version":[{"id":56148,"href":"https:\/\/www.sudoestehoje.com.br\/novoportal\/wp-json\/wp\/v2\/posts\/56145\/revisions\/56148"}],"wp:attachment":[{"href":"https:\/\/www.sudoestehoje.com.br\/novoportal\/wp-json\/wp\/v2\/media?parent=56145"}],"wp:term":[{"taxonomy":"category","embeddable":true,"href":"https:\/\/www.sudoestehoje.com.br\/novoportal\/wp-json\/wp\/v2\/categories?post=56145"},{"taxonomy":"post_tag","embeddable":true,"href":"https:\/\/www.sudoestehoje.com.br\/novoportal\/wp-json\/wp\/v2\/tags?post=56145"}],"curies":[{"name":"wp","href":"https:\/\/api.w.org\/{rel}","templated":true}]}}