
{"id":56141,"date":"2016-03-19T19:59:58","date_gmt":"2016-03-19T22:59:58","guid":{"rendered":"http:\/\/www.sudoestehoje.com.br\/novoportal\/?p=56141"},"modified":"2016-03-19T19:59:58","modified_gmt":"2016-03-19T22:59:58","slug":"stf-arquiva-denuncia-contra-aecio-na-lava-jato","status":"publish","type":"post","link":"https:\/\/www.sudoestehoje.com.br\/novoportal\/2016\/03\/19\/stf-arquiva-denuncia-contra-aecio-na-lava-jato\/","title":{"rendered":"STF ARQUIVA DEN\u00daNCIA CONTRA A\u00c9CIO NA LAVA JATO"},"content":{"rendered":"<div id=\"attachment_56142\" style=\"width: 510px\" class=\"wp-caption aligncenter\"><a href=\"http:\/\/www.sudoestehoje.com.br\/novoportal\/wp-content\/uploads\/2016\/03\/STF-A\u00c9CIO.jpg\" rel=\"attachment wp-att-56142\"><img loading=\"lazy\" decoding=\"async\" aria-describedby=\"caption-attachment-56142\" class=\"size-medium wp-image-56142\" src=\"http:\/\/www.sudoestehoje.com.br\/novoportal\/wp-content\/uploads\/2016\/03\/STF-A\u00c9CIO-500x334.jpg\" alt=\"A\u00e9cio disse que portas est\u00e3o abertas para alian\u00e7as\" width=\"500\" height=\"334\" srcset=\"https:\/\/www.sudoestehoje.com.br\/novoportal\/wp-content\/uploads\/2016\/03\/STF-A\u00c9CIO-500x334.jpg 500w, https:\/\/www.sudoestehoje.com.br\/novoportal\/wp-content\/uploads\/2016\/03\/STF-A\u00c9CIO-768x512.jpg 768w, https:\/\/www.sudoestehoje.com.br\/novoportal\/wp-content\/uploads\/2016\/03\/STF-A\u00c9CIO-700x467.jpg 700w, https:\/\/www.sudoestehoje.com.br\/novoportal\/wp-content\/uploads\/2016\/03\/STF-A\u00c9CIO.jpg 940w\" sizes=\"auto, (max-width: 500px) 100vw, 500px\" \/><\/a><p id=\"caption-attachment-56142\" class=\"wp-caption-text\">A\u00e9cio disse que portas est\u00e3o abertas para alian\u00e7as<\/p><\/div>\n<p>O STF (Supremo Tribunal Federal) determinou nesta quinta-feira o arquivamento da acusa\u00e7\u00e3o contra o senador A\u00e9cio Neves, do PSDB de Minas Gerais. Para o ministro Teori Zavascki, faltam provas contra o pol\u00edtico.<\/p>\n<p>A\u00e9cio Neves foi citado por Carlos Alexandre de Souza Rocha, o Cear\u00e1, que era funcion\u00e1rio do doleiro Alberto Youssef, respons\u00e1vel por entregas de propinas a pol\u00edticos, em dela\u00e7\u00e3o da Opera\u00e7\u00e3o Lava Jato.<\/p>\n<p>Para Zavascki, &#8220;Os elementos indici\u00e1rios colhidos at\u00e9 o momento n\u00e3o s\u00e3o suficientes para indicar de modo concreto e objetivo a materialidade e a autoria delitivas\u201d.<\/p>\n<p>Ap\u00f3s a decis\u00e3o, o senador comentou o assunto. O Senador disse que o PSDB apoia o aprofundamento das investiga\u00e7\u00f5es da Lava Jato, mas que quer saber o porqu\u00ea dele ter sido citado de maneira &#8220;irrespons\u00e1vel e criminosa&#8221; e que essa foi mais uma maniera sem sentido de tentar envolver nomes da oposi\u00e7\u00e3o no esquema de corrup\u00e7\u00e3o.<\/p>\n","protected":false},"excerpt":{"rendered":"<p>O STF (Supremo Tribunal Federal) determinou nesta quinta-feira o arquivamento da acusa\u00e7\u00e3o contra o senador A\u00e9cio Neves, do PSDB de Minas Gerais. Para o ministro Teori Zavascki, faltam provas contra o pol\u00edtico. A\u00e9cio Neves foi citado por Carlos Alexandre de Souza Rocha, o Cear\u00e1, que era funcion\u00e1rio do doleiro Alberto Youssef, respons\u00e1vel por entregas de [&hellip;]<\/p>\n","protected":false},"author":2,"featured_media":0,"comment_status":"open","ping_status":"open","sticky":false,"template":"","format":"standard","meta":{"footnotes":"","_links_to":"","_links_to_target":""},"categories":[1],"tags":[],"class_list":["post-56141","post","type-post","status-publish","format-standard","hentry","category-geral"],"views":1338,"_links":{"self":[{"href":"https:\/\/www.sudoestehoje.com.br\/novoportal\/wp-json\/wp\/v2\/posts\/56141","targetHints":{"allow":["GET"]}}],"collection":[{"href":"https:\/\/www.sudoestehoje.com.br\/novoportal\/wp-json\/wp\/v2\/posts"}],"about":[{"href":"https:\/\/www.sudoestehoje.com.br\/novoportal\/wp-json\/wp\/v2\/types\/post"}],"author":[{"embeddable":true,"href":"https:\/\/www.sudoestehoje.com.br\/novoportal\/wp-json\/wp\/v2\/users\/2"}],"replies":[{"embeddable":true,"href":"https:\/\/www.sudoestehoje.com.br\/novoportal\/wp-json\/wp\/v2\/comments?post=56141"}],"version-history":[{"count":1,"href":"https:\/\/www.sudoestehoje.com.br\/novoportal\/wp-json\/wp\/v2\/posts\/56141\/revisions"}],"predecessor-version":[{"id":56143,"href":"https:\/\/www.sudoestehoje.com.br\/novoportal\/wp-json\/wp\/v2\/posts\/56141\/revisions\/56143"}],"wp:attachment":[{"href":"https:\/\/www.sudoestehoje.com.br\/novoportal\/wp-json\/wp\/v2\/media?parent=56141"}],"wp:term":[{"taxonomy":"category","embeddable":true,"href":"https:\/\/www.sudoestehoje.com.br\/novoportal\/wp-json\/wp\/v2\/categories?post=56141"},{"taxonomy":"post_tag","embeddable":true,"href":"https:\/\/www.sudoestehoje.com.br\/novoportal\/wp-json\/wp\/v2\/tags?post=56141"}],"curies":[{"name":"wp","href":"https:\/\/api.w.org\/{rel}","templated":true}]}}