
{"id":5614,"date":"2011-06-10T00:09:04","date_gmt":"2011-06-10T03:09:04","guid":{"rendered":"http:\/\/www.sudoestehoje.com.br\/novoportal\/?p=5614"},"modified":"2011-06-10T09:01:13","modified_gmt":"2011-06-10T12:01:13","slug":"a-teoria-da-chupeta","status":"publish","type":"post","link":"https:\/\/www.sudoestehoje.com.br\/novoportal\/2011\/06\/10\/a-teoria-da-chupeta\/","title":{"rendered":"A \u2018TEORIA DA CHUPETA\u2019"},"content":{"rendered":"<p style=\"text-align: center;\"><img decoding=\"async\" class=\"aligncenter\" src=\"http:\/\/3.bp.blogspot.com\/_YIwUWdeEdU0\/TM6rgpPFn5I\/AAAAAAAAI4Q\/yfTnMbhFhko\/s400\/cabide+de+empregos.jpg\" alt=\"\" \/><\/p>\n<p style=\"text-align: center;\"><em><strong>&#8216;Chupeta&#8217; substitui as antigas ideologias partid\u00e1rias<\/strong><\/em><\/p>\n<p>\u00a0<\/p>\n<p>Faz tempo que as conversas pol\u00edticas em Itapetinga sairam do campo ideol\u00f3gico e\u00a0das propostas administrativas, situando-se, apenas,\u00a0no campo do\u00a0fisiologismo\u00a0barato e degradante, do tipo &#8220;quem mamou mais?, &#8220;quem t\u00e1 mamando?&#8221; e &#8220;quem vai mamar?&#8221;. \u00c9 a velha &#8216;teoria da chupeta&#8217;, antes s\u00f3 discutida\u00a0pelas m\u00e3es rec\u00e9m paridas, mas que chegou, com toda for\u00e7a,\u00a0\u00e0 pol\u00edtica local, dominando o notici\u00e1rio da imprensa e as articula\u00e7\u00f5es nos meios pol\u00edticos.<\/p>\n<p>O que faz esta gente discutir, de forma aberta e desavergonhada, um assunto t\u00e3o constrangedor? O que leva pol\u00edticos, em pleno exerc\u00edcio dos seus\u00a0mandatos eletivos, a\u00a0tratarem deste assunto com tanta naturalidade, defendendo seus mesquinhos interesses em p\u00fablico, sem qualquer pudor?\u00a0Venho pensando sobre isto h\u00e1 algum tempo\u00a0e cheguei \u00e0 conclus\u00e3o de que a fonte inspiradora\u00a0dessa gente sem vergonha\u00a0e aproveitadora tem origem na ostenta\u00e7\u00e3o e sinais externos de enriquecimento de figuras destacadas\u00a0da atual administra\u00e7\u00e3o municipal.<\/p>\n<p>Quem n\u00e3o quer ter a boa vida daquele locutor que vivia na maior &#8216;perrenga&#8217; e que hoje desfila de carr\u00e3o de luxo, parecendo um coronel da pecu\u00e1ria? E aquele\u00a0secret\u00e1rio magricela que pegava &#8216;buz\u00fa&#8217;, ralava dando aulas\u00a0em escola p\u00fablica do Estado e que hoje desfila de Peugeot &#8216;zero bala&#8217;, com os vidros &#8216;fum\u00ea&#8217; levantados? Isto sem falar dos Renaut&#8217;s, Nissan&#8217;s, Vectra&#8217;s e Pajero&#8217;s, carr\u00f5es\u00a0incompat\u00edveis com os sal\u00e1rios dos seus propriet\u00e1rios, que andavam de Uno Mille, Gol, Corsa, Chevete, Corcel II e outras arabacas,\u00a0h\u00e1 pouco mais de dois anos atr\u00e1s.<\/p>\n<p>Assim, com tanta &#8216;prosperidade&#8217; saltando aos olhos dos nossos empobrecidos pol\u00edticos e seus cabos eleitorais, quem vai mais se ligar em discutir ideologias, planos de governo, plataformas eleitorais e coisas desse tipo, se \u00e9 muito mais\u00a0&#8216;confortante&#8217; meter a boca na chupeta?\u00a0\u00a0<\/p>\n<p>O mais intrigante, \u00e9 o sil\u00eancio de certos pol\u00edticos, tidos como honestos e idiol\u00f3gicos da oposi\u00e7\u00e3o, que a tudo assistem e nada reclamam ou denunciam. Ser\u00e1 que tamb\u00e9m est\u00e3o de olho na chupeta?<\/p>\n<p><em><strong>Por DAVI FERRAZ<\/strong><\/em><\/p>\n","protected":false},"excerpt":{"rendered":"<p>&#8216;Chupeta&#8217; substitui as antigas ideologias partid\u00e1rias \u00a0 Faz tempo que as conversas pol\u00edticas em Itapetinga sairam do campo ideol\u00f3gico e\u00a0das propostas administrativas, situando-se, apenas,\u00a0no campo do\u00a0fisiologismo\u00a0barato e degradante, do tipo &#8220;quem mamou mais?, &#8220;quem t\u00e1 mamando?&#8221; e &#8220;quem vai mamar?&#8221;. \u00c9 a velha &#8216;teoria da chupeta&#8217;, antes s\u00f3 discutida\u00a0pelas m\u00e3es rec\u00e9m paridas, mas que chegou, [&hellip;]<\/p>\n","protected":false},"author":2,"featured_media":0,"comment_status":"open","ping_status":"open","sticky":false,"template":"","format":"standard","meta":{"footnotes":"","_links_to":"","_links_to_target":""},"categories":[1],"tags":[],"class_list":["post-5614","post","type-post","status-publish","format-standard","hentry","category-geral"],"views":1327,"_links":{"self":[{"href":"https:\/\/www.sudoestehoje.com.br\/novoportal\/wp-json\/wp\/v2\/posts\/5614","targetHints":{"allow":["GET"]}}],"collection":[{"href":"https:\/\/www.sudoestehoje.com.br\/novoportal\/wp-json\/wp\/v2\/posts"}],"about":[{"href":"https:\/\/www.sudoestehoje.com.br\/novoportal\/wp-json\/wp\/v2\/types\/post"}],"author":[{"embeddable":true,"href":"https:\/\/www.sudoestehoje.com.br\/novoportal\/wp-json\/wp\/v2\/users\/2"}],"replies":[{"embeddable":true,"href":"https:\/\/www.sudoestehoje.com.br\/novoportal\/wp-json\/wp\/v2\/comments?post=5614"}],"version-history":[{"count":6,"href":"https:\/\/www.sudoestehoje.com.br\/novoportal\/wp-json\/wp\/v2\/posts\/5614\/revisions"}],"predecessor-version":[{"id":5617,"href":"https:\/\/www.sudoestehoje.com.br\/novoportal\/wp-json\/wp\/v2\/posts\/5614\/revisions\/5617"}],"wp:attachment":[{"href":"https:\/\/www.sudoestehoje.com.br\/novoportal\/wp-json\/wp\/v2\/media?parent=5614"}],"wp:term":[{"taxonomy":"category","embeddable":true,"href":"https:\/\/www.sudoestehoje.com.br\/novoportal\/wp-json\/wp\/v2\/categories?post=5614"},{"taxonomy":"post_tag","embeddable":true,"href":"https:\/\/www.sudoestehoje.com.br\/novoportal\/wp-json\/wp\/v2\/tags?post=5614"}],"curies":[{"name":"wp","href":"https:\/\/api.w.org\/{rel}","templated":true}]}}