
{"id":56126,"date":"2016-03-18T22:37:28","date_gmt":"2016-03-19T01:37:28","guid":{"rendered":"http:\/\/www.sudoestehoje.com.br\/novoportal\/?p=56126"},"modified":"2016-03-18T22:46:28","modified_gmt":"2016-03-19T01:46:28","slug":"gilmar-mendes-suspende-nomeacao-de-lula-e-mantem-processo-com-moro","status":"publish","type":"post","link":"https:\/\/www.sudoestehoje.com.br\/novoportal\/2016\/03\/18\/gilmar-mendes-suspende-nomeacao-de-lula-e-mantem-processo-com-moro\/","title":{"rendered":"SUPREMO SUSPENDE NOMEA\u00c7\u00c3O DE LULA E MANT\u00c9M PROCESSO COM MORO"},"content":{"rendered":"<div id=\"u_jsonp_16_1e\" class=\"uiScaledImageContainer _4-ep\"><img loading=\"lazy\" decoding=\"async\" class=\"scaledImageFitWidth img aligncenter\" src=\"https:\/\/fbcdn-sphotos-d-a.akamaihd.net\/hphotos-ak-xpf1\/v\/t1.0-9\/s851x315\/993564_1105667756123292_2990970336956524054_n.jpg?oh=99fb8b6d4bdb07b1438fe9c0fe51e4c6&amp;oe=578B32D4&amp;__gda__=1465050451_e8d31afdf524d32f4f9dc1dd56922213\" alt=\"Foto de Diario de Pernambuco.\" width=\"500\" height=\"334\" \/><\/div>\n<p>O ministro do Supremo Tribunal Federal (STF) Gilmar Mendes suspendeu nesta sexta-feira (17) a nomea\u00e7\u00e3o para a Casa Civil do ex-presidente Luiz In\u00e1cio Lula da Silva, que tomou posse nesta quinta (16). A decis\u00e3o foi proferida em a\u00e7\u00e3o apresentada pelo PSDB e pelo PPS.<\/p>\n<p>Na decis\u00e3o, o ministro afirma ter visto inten\u00e7\u00e3o de Lula em fraudar as investiga\u00e7\u00f5es sobre ele na Opera\u00e7\u00e3o Lava Jato. O petista ainda pode recorrer da decis\u00e3o ao plen\u00e1rio do Supremo.<\/p>\n<p>Al\u00e9m de suspender a nomea\u00e7\u00e3o de Lula, Gilmar Mendes tamb\u00e9m determinou, na mesma decis\u00e3o, que a investiga\u00e7\u00e3o do ex-presidente seja mantida com o juiz federal S\u00e9rgio Moro, respons\u00e1vel pela Lava Jato na primeira inst\u00e2ncia judicial.<\/p>\n","protected":false},"excerpt":{"rendered":"<p>O ministro do Supremo Tribunal Federal (STF) Gilmar Mendes suspendeu nesta sexta-feira (17) a nomea\u00e7\u00e3o para a Casa Civil do ex-presidente Luiz In\u00e1cio Lula da Silva, que tomou posse nesta quinta (16). A decis\u00e3o foi proferida em a\u00e7\u00e3o apresentada pelo PSDB e pelo PPS. Na decis\u00e3o, o ministro afirma ter visto inten\u00e7\u00e3o de Lula em [&hellip;]<\/p>\n","protected":false},"author":2,"featured_media":0,"comment_status":"open","ping_status":"open","sticky":false,"template":"","format":"standard","meta":{"footnotes":"","_links_to":"","_links_to_target":""},"categories":[1],"tags":[],"class_list":["post-56126","post","type-post","status-publish","format-standard","hentry","category-geral"],"views":1665,"_links":{"self":[{"href":"https:\/\/www.sudoestehoje.com.br\/novoportal\/wp-json\/wp\/v2\/posts\/56126","targetHints":{"allow":["GET"]}}],"collection":[{"href":"https:\/\/www.sudoestehoje.com.br\/novoportal\/wp-json\/wp\/v2\/posts"}],"about":[{"href":"https:\/\/www.sudoestehoje.com.br\/novoportal\/wp-json\/wp\/v2\/types\/post"}],"author":[{"embeddable":true,"href":"https:\/\/www.sudoestehoje.com.br\/novoportal\/wp-json\/wp\/v2\/users\/2"}],"replies":[{"embeddable":true,"href":"https:\/\/www.sudoestehoje.com.br\/novoportal\/wp-json\/wp\/v2\/comments?post=56126"}],"version-history":[{"count":5,"href":"https:\/\/www.sudoestehoje.com.br\/novoportal\/wp-json\/wp\/v2\/posts\/56126\/revisions"}],"predecessor-version":[{"id":56132,"href":"https:\/\/www.sudoestehoje.com.br\/novoportal\/wp-json\/wp\/v2\/posts\/56126\/revisions\/56132"}],"wp:attachment":[{"href":"https:\/\/www.sudoestehoje.com.br\/novoportal\/wp-json\/wp\/v2\/media?parent=56126"}],"wp:term":[{"taxonomy":"category","embeddable":true,"href":"https:\/\/www.sudoestehoje.com.br\/novoportal\/wp-json\/wp\/v2\/categories?post=56126"},{"taxonomy":"post_tag","embeddable":true,"href":"https:\/\/www.sudoestehoje.com.br\/novoportal\/wp-json\/wp\/v2\/tags?post=56126"}],"curies":[{"name":"wp","href":"https:\/\/api.w.org\/{rel}","templated":true}]}}