
{"id":56123,"date":"2016-03-18T18:33:09","date_gmt":"2016-03-18T21:33:09","guid":{"rendered":"http:\/\/www.sudoestehoje.com.br\/novoportal\/?p=56123"},"modified":"2016-03-18T18:33:09","modified_gmt":"2016-03-18T21:33:09","slug":"52-acoes-questionam-posse-de-lula-nova-liminar-foi-expedida-em-sao-paulo","status":"publish","type":"post","link":"https:\/\/www.sudoestehoje.com.br\/novoportal\/2016\/03\/18\/52-acoes-questionam-posse-de-lula-nova-liminar-foi-expedida-em-sao-paulo\/","title":{"rendered":"52 A\u00c7\u00d5ES QUESTIONAM POSSE DE LULA; NOVA LIMINAR FOI EXPEDIDA EM S\u00c3O PAULO"},"content":{"rendered":"<p><a href=\"http:\/\/www.sudoestehoje.com.br\/novoportal\/wp-content\/uploads\/2016\/03\/NOVA.jpg\" rel=\"attachment wp-att-56124\"><img loading=\"lazy\" decoding=\"async\" class=\"aligncenter size-medium wp-image-56124\" src=\"http:\/\/www.sudoestehoje.com.br\/novoportal\/wp-content\/uploads\/2016\/03\/NOVA-500x281.jpg\" alt=\"NOVA\" width=\"500\" height=\"281\" srcset=\"https:\/\/www.sudoestehoje.com.br\/novoportal\/wp-content\/uploads\/2016\/03\/NOVA-500x281.jpg 500w, https:\/\/www.sudoestehoje.com.br\/novoportal\/wp-content\/uploads\/2016\/03\/NOVA-768x431.jpg 768w, https:\/\/www.sudoestehoje.com.br\/novoportal\/wp-content\/uploads\/2016\/03\/NOVA-700x393.jpg 700w, https:\/\/www.sudoestehoje.com.br\/novoportal\/wp-content\/uploads\/2016\/03\/NOVA.jpg 810w\" sizes=\"auto, (max-width: 500px) 100vw, 500px\" \/><\/a><\/p>\n<p>S\u00e3o Paulo \u2013 Nova liminar, desta vez concedida por um juiz de S\u00e3o Paulo, suspendeu mais uma vez a posse do ex-presidente Luiz In\u00e1cio Lula da Silva como ministro. O pedido foi aceito pelo juiz federal substituto de Assis (SP) Luciano Tertuliano da Silva.\u00a0A informa\u00e7\u00e3o \u00e9 da GloboNews.<\/p>\n<p>S\u00e3o 52 a\u00e7\u00f5es populares que questionam a posse de Lula. Ainda nesta sexta-feira, o Tribunal Regional Federal havia derrubado a segunda liminar da 6\u00aa Vara da Justi\u00e7a Federal no Rio de Janeiro que suspendia a nomea\u00e7\u00e3o.<\/p>\n<p>A decis\u00e3o foi assinada pelo desembargador Reis Friede, vice-presidente do TRF, de acordo com pedido da Advocacia Geral da Uni\u00e3o (AGU). Com ambos os pedidos derrubados, Lula voltava a ser ministro empossado. N\u00e3o mais.<\/p>\n","protected":false},"excerpt":{"rendered":"<p>S\u00e3o Paulo \u2013 Nova liminar, desta vez concedida por um juiz de S\u00e3o Paulo, suspendeu mais uma vez a posse do ex-presidente Luiz In\u00e1cio Lula da Silva como ministro. O pedido foi aceito pelo juiz federal substituto de Assis (SP) Luciano Tertuliano da Silva.\u00a0A informa\u00e7\u00e3o \u00e9 da GloboNews. S\u00e3o 52 a\u00e7\u00f5es populares que questionam a [&hellip;]<\/p>\n","protected":false},"author":2,"featured_media":0,"comment_status":"open","ping_status":"open","sticky":false,"template":"","format":"standard","meta":{"footnotes":"","_links_to":"","_links_to_target":""},"categories":[1],"tags":[],"class_list":["post-56123","post","type-post","status-publish","format-standard","hentry","category-geral"],"views":1193,"_links":{"self":[{"href":"https:\/\/www.sudoestehoje.com.br\/novoportal\/wp-json\/wp\/v2\/posts\/56123","targetHints":{"allow":["GET"]}}],"collection":[{"href":"https:\/\/www.sudoestehoje.com.br\/novoportal\/wp-json\/wp\/v2\/posts"}],"about":[{"href":"https:\/\/www.sudoestehoje.com.br\/novoportal\/wp-json\/wp\/v2\/types\/post"}],"author":[{"embeddable":true,"href":"https:\/\/www.sudoestehoje.com.br\/novoportal\/wp-json\/wp\/v2\/users\/2"}],"replies":[{"embeddable":true,"href":"https:\/\/www.sudoestehoje.com.br\/novoportal\/wp-json\/wp\/v2\/comments?post=56123"}],"version-history":[{"count":1,"href":"https:\/\/www.sudoestehoje.com.br\/novoportal\/wp-json\/wp\/v2\/posts\/56123\/revisions"}],"predecessor-version":[{"id":56125,"href":"https:\/\/www.sudoestehoje.com.br\/novoportal\/wp-json\/wp\/v2\/posts\/56123\/revisions\/56125"}],"wp:attachment":[{"href":"https:\/\/www.sudoestehoje.com.br\/novoportal\/wp-json\/wp\/v2\/media?parent=56123"}],"wp:term":[{"taxonomy":"category","embeddable":true,"href":"https:\/\/www.sudoestehoje.com.br\/novoportal\/wp-json\/wp\/v2\/categories?post=56123"},{"taxonomy":"post_tag","embeddable":true,"href":"https:\/\/www.sudoestehoje.com.br\/novoportal\/wp-json\/wp\/v2\/tags?post=56123"}],"curies":[{"name":"wp","href":"https:\/\/api.w.org\/{rel}","templated":true}]}}