
{"id":56121,"date":"2016-03-18T17:21:25","date_gmt":"2016-03-18T20:21:25","guid":{"rendered":"http:\/\/www.sudoestehoje.com.br\/novoportal\/?p=56121"},"modified":"2016-03-18T17:21:25","modified_gmt":"2016-03-18T20:21:25","slug":"trf-2-derruba-liminar-que-impedia-lula-de-ocupar-ministerio","status":"publish","type":"post","link":"https:\/\/www.sudoestehoje.com.br\/novoportal\/2016\/03\/18\/trf-2-derruba-liminar-que-impedia-lula-de-ocupar-ministerio\/","title":{"rendered":"TRF-2 DERRUBA LIMINAR QUE IMPEDIA LULA DE OCUPAR MINIST\u00c9RIO"},"content":{"rendered":"<div class=\"materia-cabecalho\"><\/div>\n<div id=\"materia-letra\" class=\"materia-conteudo entry-content clearfix\">\n<div>\n<div id=\"4894023\" class=\"video componente_materia\" data-height=\"349\" data-width=\"620\"><\/div>\n<p><img loading=\"lazy\" decoding=\"async\" class=\"scaledImageFitWidth img aligncenter\" src=\"https:\/\/fbexternal-a.akamaihd.net\/safe_image.php?d=AQD0aXLh9Km0-dmA&amp;w=470&amp;h=246&amp;url=https%3A%2F%2Ffbcdn-sphotos-c-a.akamaihd.net%2Fhphotos-ak-xaf1%2Ft31.0-8%2F12087735_1170761282975955_2373257346382208350_o.jpg&amp;cfs=1&amp;upscale=1&amp;sx=0&amp;sy=1&amp;sw=1200&amp;sh=628&amp;ext=png2jpg\" alt=\"\" width=\"470\" height=\"246\" \/><\/p>\n<p>O vice-presidente do Tribunal Regional Federal da 2\u00aa Regi\u00e3o (TRF-2), desembargador Reis Friede, no exerc\u00edcio da presid\u00eancia, derrubou nesta sexta-feira (18) uma liminar da 6\u00aa Vara da Justi\u00e7a Federal no Rio de Janeiro que suspendia a nomea\u00e7\u00e3o do ex-presidente Luiz In\u00e1cio Lula da Silva para a chefia da Casa Civil. A decis\u00e3o foi proferida em pedido apresentado pela Advocacia Geral da Uni\u00e3o (AGU).<\/p>\n<p>Segundo a assessoria da AGU, com a derrubada da segunda liminar, a situa\u00e7\u00e3o de Lula no governo fica regularizada e ele pode exercer o cargo de ministro-chefe da Casa Civil efetivamente.<\/p>\n<\/div>\n<\/div>\n","protected":false},"excerpt":{"rendered":"<p>O vice-presidente do Tribunal Regional Federal da 2\u00aa Regi\u00e3o (TRF-2), desembargador Reis Friede, no exerc\u00edcio da presid\u00eancia, derrubou nesta sexta-feira (18) uma liminar da 6\u00aa Vara da Justi\u00e7a Federal no Rio de Janeiro que suspendia a nomea\u00e7\u00e3o do ex-presidente Luiz In\u00e1cio Lula da Silva para a chefia da Casa Civil. A decis\u00e3o foi proferida em [&hellip;]<\/p>\n","protected":false},"author":2,"featured_media":0,"comment_status":"open","ping_status":"open","sticky":false,"template":"","format":"standard","meta":{"footnotes":"","_links_to":"","_links_to_target":""},"categories":[1],"tags":[],"class_list":["post-56121","post","type-post","status-publish","format-standard","hentry","category-geral"],"views":1193,"_links":{"self":[{"href":"https:\/\/www.sudoestehoje.com.br\/novoportal\/wp-json\/wp\/v2\/posts\/56121","targetHints":{"allow":["GET"]}}],"collection":[{"href":"https:\/\/www.sudoestehoje.com.br\/novoportal\/wp-json\/wp\/v2\/posts"}],"about":[{"href":"https:\/\/www.sudoestehoje.com.br\/novoportal\/wp-json\/wp\/v2\/types\/post"}],"author":[{"embeddable":true,"href":"https:\/\/www.sudoestehoje.com.br\/novoportal\/wp-json\/wp\/v2\/users\/2"}],"replies":[{"embeddable":true,"href":"https:\/\/www.sudoestehoje.com.br\/novoportal\/wp-json\/wp\/v2\/comments?post=56121"}],"version-history":[{"count":1,"href":"https:\/\/www.sudoestehoje.com.br\/novoportal\/wp-json\/wp\/v2\/posts\/56121\/revisions"}],"predecessor-version":[{"id":56122,"href":"https:\/\/www.sudoestehoje.com.br\/novoportal\/wp-json\/wp\/v2\/posts\/56121\/revisions\/56122"}],"wp:attachment":[{"href":"https:\/\/www.sudoestehoje.com.br\/novoportal\/wp-json\/wp\/v2\/media?parent=56121"}],"wp:term":[{"taxonomy":"category","embeddable":true,"href":"https:\/\/www.sudoestehoje.com.br\/novoportal\/wp-json\/wp\/v2\/categories?post=56121"},{"taxonomy":"post_tag","embeddable":true,"href":"https:\/\/www.sudoestehoje.com.br\/novoportal\/wp-json\/wp\/v2\/tags?post=56121"}],"curies":[{"name":"wp","href":"https:\/\/api.w.org\/{rel}","templated":true}]}}