
{"id":56114,"date":"2016-03-17T21:56:13","date_gmt":"2016-03-18T00:56:13","guid":{"rendered":"http:\/\/www.sudoestehoje.com.br\/novoportal\/?p=56114"},"modified":"2016-03-17T21:56:34","modified_gmt":"2016-03-18T00:56:34","slug":"camara-notifica-dilma-da-instalacao-da-comissao-do-impeachment","status":"publish","type":"post","link":"https:\/\/www.sudoestehoje.com.br\/novoportal\/2016\/03\/17\/camara-notifica-dilma-da-instalacao-da-comissao-do-impeachment\/","title":{"rendered":"C\u00c2MARA NOTIFICA DILMA DA INSTALA\u00c7\u00c3O DA COMISS\u00c3O DO IMPEACHMENT"},"content":{"rendered":"<p><a href=\"http:\/\/www.sudoestehoje.com.br\/novoportal\/wp-content\/uploads\/2016\/03\/notifica\u00e7\u00e3o.jpg\" rel=\"attachment wp-att-56115\"><img loading=\"lazy\" decoding=\"async\" class=\"size-medium wp-image-56115 aligncenter\" src=\"http:\/\/www.sudoestehoje.com.br\/novoportal\/wp-content\/uploads\/2016\/03\/notifica\u00e7\u00e3o-500x358.jpg\" alt=\"DF - IMPEACHMENT\/NOTIFICA\u00ab\u221aO - POL\u00d5TICA - O deputado federal e primeiro secret\u00b7ria do C\u201amara, Beto Mansur, segue para o Pal\u00b7cio do Planalto, em Bras\u00cclia, para entregar a notifica\u00c1\u201eo da abertura do processo de impeachment da presidente Dilma Rousseff, nesta quinta-feira. 17\/03\/2016 - Foto: ANDR\u2026 DUSEK\/ESTAD\u221aO CONTE\u2044DO\" width=\"500\" height=\"358\" srcset=\"https:\/\/www.sudoestehoje.com.br\/novoportal\/wp-content\/uploads\/2016\/03\/notifica\u00e7\u00e3o-500x358.jpg 500w, https:\/\/www.sudoestehoje.com.br\/novoportal\/wp-content\/uploads\/2016\/03\/notifica\u00e7\u00e3o-768x549.jpg 768w, https:\/\/www.sudoestehoje.com.br\/novoportal\/wp-content\/uploads\/2016\/03\/notifica\u00e7\u00e3o-700x501.jpg 700w, https:\/\/www.sudoestehoje.com.br\/novoportal\/wp-content\/uploads\/2016\/03\/notifica\u00e7\u00e3o.jpg 1200w\" sizes=\"auto, (max-width: 500px) 100vw, 500px\" \/><\/a><\/p>\n<p>O primeiro-secret\u00e1rio da C\u00e2mara, deputado Beto Mansur (PRB-SP), deixou h\u00e1 pouco o Planalto ap\u00f3s entregar a notificar da comiss\u00e3o especial do impeachment da presidente Dilma Rousseff. Segundo ele, o documento, endere\u00e7ado ao ministro da Secretaria de Governo, Ricardo Berzoini, foi entregue ao subsecretario de assuntos legislativos, Danilo Gennari de Souza.<\/p>\n<p>Na notifica\u00e7\u00e3o do processo, a Casa incluiu a dela\u00e7\u00e3o premiada do senador Delc\u00eddio Amaral (sem partido-MS). Ao chegar, o deputado reafirmou que a presidente ter\u00e1 o prazo de dez sess\u00f5es para apresentar sua defesa. &#8220;A comiss\u00e3o deve se instalar hoje pelo que determinou o presidente (da C\u00e2mara) Eduardo Cunha, mas come\u00e7a a valer a partir de amanh\u00e3, porque mesmo sess\u00f5es sem vota\u00e7\u00e3o voc\u00ea vai poder contar como uma dessas dez para o prazo de defesa&#8221;, afirmou.<\/p>\n<p>Contando com ajuda de auxiliares, o deputado trouxe ao todo 15 volumes de documentos. &#8220;Os documentos est\u00e3o completos&#8221;, disse. O deputado chegou minutos depois que recome\u00e7ou uma manifesta\u00e7\u00e3o contra o governo. Os manifestantes, que estavam em um bloqueio foram h\u00e1 pouco liberados para as proximidades do Planalto. A presidente Dilma ainda est\u00e1 na casa.<\/p>\n","protected":false},"excerpt":{"rendered":"<p>O primeiro-secret\u00e1rio da C\u00e2mara, deputado Beto Mansur (PRB-SP), deixou h\u00e1 pouco o Planalto ap\u00f3s entregar a notificar da comiss\u00e3o especial do impeachment da presidente Dilma Rousseff. Segundo ele, o documento, endere\u00e7ado ao ministro da Secretaria de Governo, Ricardo Berzoini, foi entregue ao subsecretario de assuntos legislativos, Danilo Gennari de Souza. Na notifica\u00e7\u00e3o do processo, a [&hellip;]<\/p>\n","protected":false},"author":2,"featured_media":0,"comment_status":"open","ping_status":"open","sticky":false,"template":"","format":"standard","meta":{"footnotes":"","_links_to":"","_links_to_target":""},"categories":[1],"tags":[],"class_list":["post-56114","post","type-post","status-publish","format-standard","hentry","category-geral"],"views":1334,"_links":{"self":[{"href":"https:\/\/www.sudoestehoje.com.br\/novoportal\/wp-json\/wp\/v2\/posts\/56114","targetHints":{"allow":["GET"]}}],"collection":[{"href":"https:\/\/www.sudoestehoje.com.br\/novoportal\/wp-json\/wp\/v2\/posts"}],"about":[{"href":"https:\/\/www.sudoestehoje.com.br\/novoportal\/wp-json\/wp\/v2\/types\/post"}],"author":[{"embeddable":true,"href":"https:\/\/www.sudoestehoje.com.br\/novoportal\/wp-json\/wp\/v2\/users\/2"}],"replies":[{"embeddable":true,"href":"https:\/\/www.sudoestehoje.com.br\/novoportal\/wp-json\/wp\/v2\/comments?post=56114"}],"version-history":[{"count":2,"href":"https:\/\/www.sudoestehoje.com.br\/novoportal\/wp-json\/wp\/v2\/posts\/56114\/revisions"}],"predecessor-version":[{"id":56117,"href":"https:\/\/www.sudoestehoje.com.br\/novoportal\/wp-json\/wp\/v2\/posts\/56114\/revisions\/56117"}],"wp:attachment":[{"href":"https:\/\/www.sudoestehoje.com.br\/novoportal\/wp-json\/wp\/v2\/media?parent=56114"}],"wp:term":[{"taxonomy":"category","embeddable":true,"href":"https:\/\/www.sudoestehoje.com.br\/novoportal\/wp-json\/wp\/v2\/categories?post=56114"},{"taxonomy":"post_tag","embeddable":true,"href":"https:\/\/www.sudoestehoje.com.br\/novoportal\/wp-json\/wp\/v2\/tags?post=56114"}],"curies":[{"name":"wp","href":"https:\/\/api.w.org\/{rel}","templated":true}]}}