
{"id":5611,"date":"2011-06-09T20:35:38","date_gmt":"2011-06-09T23:35:38","guid":{"rendered":"http:\/\/www.sudoestehoje.com.br\/novoportal\/?p=5611"},"modified":"2011-06-09T20:35:38","modified_gmt":"2011-06-09T23:35:38","slug":"ministro-%e2%80%9cpede-pra-sair%e2%80%9d","status":"publish","type":"post","link":"https:\/\/www.sudoestehoje.com.br\/novoportal\/2011\/06\/09\/ministro-%e2%80%9cpede-pra-sair%e2%80%9d\/","title":{"rendered":"MINISTRO \u201cPEDE PRA SAIR\u201d"},"content":{"rendered":"<p style=\"text-align: center;\"><img decoding=\"async\" class=\"aligncenter\" src=\"http:\/\/claudiohumberto.com.br\/OlalaCMS\/uploads\/midias\/MED_11.05.04-14.21.00-luiz_sergio_o_globo.jpg\" alt=\"\" \/><\/p>\n<p>\u00a0<\/p>\n<p>O ministro Luiz S\u00e9rgio, das Rela\u00e7\u00f5es Institucionais, j\u00e1 disse \u00e0 presidente Dilma Rousseff que n\u00e3o vai mais continuar no cargo. Dilma ficou de definir, em reuni\u00e3o marcada para esta sexta-feira, 10, como ser\u00e1 o ritual da troca do ministro que, pelo menos em tese, \u00e9 o respons\u00e1vel pela articula\u00e7\u00e3o pol\u00edtica do governo. Dilma tamb\u00e9m vai definir como ser\u00e1 feita a escolha do substituto. Um dos nomes cotados \u00e9 o atual l\u00edder do governo na C\u00e2mara, o deputado C\u00e2ndido Vaccarezza.<\/p>\n<p>A sa\u00edda de Luiz S\u00e9rgio j\u00e1 era tratada pelo PT e ganhou for\u00e7a ap\u00f3s a demiss\u00e3o de Antonio Palocci, na ter\u00e7a-feira, 7. Dentro do partido eram frequentes as cr\u00edticas ao desempenho do ministro antes mesmo da crise que atingiu a Casa Civil. Segundo interlocutores pr\u00f3ximos a Dilma, a presidente queixava-se que o ministro n\u00e3o tinha o tr\u00e2nsito esperado na C\u00e2mara e no Senado. Informa\u00e7\u00f5es do <strong><a href=\"http:\/\/blogs.estadao.com.br\/radar-politico\/2011\/06\/09\/luiz-sergio-deixa-governo-dilma\/\" target=\"_blank\">Estad\u00e3o<\/a><\/strong>.<\/p>\n","protected":false},"excerpt":{"rendered":"<p>\u00a0 O ministro Luiz S\u00e9rgio, das Rela\u00e7\u00f5es Institucionais, j\u00e1 disse \u00e0 presidente Dilma Rousseff que n\u00e3o vai mais continuar no cargo. Dilma ficou de definir, em reuni\u00e3o marcada para esta sexta-feira, 10, como ser\u00e1 o ritual da troca do ministro que, pelo menos em tese, \u00e9 o respons\u00e1vel pela articula\u00e7\u00e3o pol\u00edtica do governo. Dilma tamb\u00e9m [&hellip;]<\/p>\n","protected":false},"author":2,"featured_media":0,"comment_status":"open","ping_status":"open","sticky":false,"template":"","format":"standard","meta":{"footnotes":"","_links_to":"","_links_to_target":""},"categories":[1],"tags":[],"class_list":["post-5611","post","type-post","status-publish","format-standard","hentry","category-geral"],"views":2401,"_links":{"self":[{"href":"https:\/\/www.sudoestehoje.com.br\/novoportal\/wp-json\/wp\/v2\/posts\/5611","targetHints":{"allow":["GET"]}}],"collection":[{"href":"https:\/\/www.sudoestehoje.com.br\/novoportal\/wp-json\/wp\/v2\/posts"}],"about":[{"href":"https:\/\/www.sudoestehoje.com.br\/novoportal\/wp-json\/wp\/v2\/types\/post"}],"author":[{"embeddable":true,"href":"https:\/\/www.sudoestehoje.com.br\/novoportal\/wp-json\/wp\/v2\/users\/2"}],"replies":[{"embeddable":true,"href":"https:\/\/www.sudoestehoje.com.br\/novoportal\/wp-json\/wp\/v2\/comments?post=5611"}],"version-history":[{"count":2,"href":"https:\/\/www.sudoestehoje.com.br\/novoportal\/wp-json\/wp\/v2\/posts\/5611\/revisions"}],"predecessor-version":[{"id":5613,"href":"https:\/\/www.sudoestehoje.com.br\/novoportal\/wp-json\/wp\/v2\/posts\/5611\/revisions\/5613"}],"wp:attachment":[{"href":"https:\/\/www.sudoestehoje.com.br\/novoportal\/wp-json\/wp\/v2\/media?parent=5611"}],"wp:term":[{"taxonomy":"category","embeddable":true,"href":"https:\/\/www.sudoestehoje.com.br\/novoportal\/wp-json\/wp\/v2\/categories?post=5611"},{"taxonomy":"post_tag","embeddable":true,"href":"https:\/\/www.sudoestehoje.com.br\/novoportal\/wp-json\/wp\/v2\/tags?post=5611"}],"curies":[{"name":"wp","href":"https:\/\/api.w.org\/{rel}","templated":true}]}}