
{"id":56109,"date":"2016-03-17T12:31:00","date_gmt":"2016-03-17T15:31:00","guid":{"rendered":"http:\/\/www.sudoestehoje.com.br\/novoportal\/?p=56109"},"modified":"2016-03-17T12:31:21","modified_gmt":"2016-03-17T15:31:21","slug":"urgente-juiz-federal-de-brasilia-suspende-nomeacao-de-lula-para-ministro","status":"publish","type":"post","link":"https:\/\/www.sudoestehoje.com.br\/novoportal\/2016\/03\/17\/urgente-juiz-federal-de-brasilia-suspende-nomeacao-de-lula-para-ministro\/","title":{"rendered":"URGENTE! JUIZ FEDERAL DE BRAS\u00cdLIA SUSPENDE NOMEA\u00c7\u00c3O DE LULA PARA MINISTRO"},"content":{"rendered":"<p><a href=\"http:\/\/www.sudoestehoje.com.br\/novoportal\/wp-content\/uploads\/2016\/03\/LULA-POSSE.jpg\" rel=\"attachment wp-att-56110\"><img loading=\"lazy\" decoding=\"async\" class=\"aligncenter size-medium wp-image-56110\" src=\"http:\/\/www.sudoestehoje.com.br\/novoportal\/wp-content\/uploads\/2016\/03\/LULA-POSSE-500x282.jpg\" alt=\"LULA POSSE\" width=\"500\" height=\"282\" srcset=\"https:\/\/www.sudoestehoje.com.br\/novoportal\/wp-content\/uploads\/2016\/03\/LULA-POSSE-500x282.jpg 500w, https:\/\/www.sudoestehoje.com.br\/novoportal\/wp-content\/uploads\/2016\/03\/LULA-POSSE-768x433.jpg 768w, https:\/\/www.sudoestehoje.com.br\/novoportal\/wp-content\/uploads\/2016\/03\/LULA-POSSE-700x395.jpg 700w, https:\/\/www.sudoestehoje.com.br\/novoportal\/wp-content\/uploads\/2016\/03\/LULA-POSSE.jpg 980w\" sizes=\"auto, (max-width: 500px) 100vw, 500px\" \/><\/a><\/p>\n<p>O juiz Itagiba Catta Preta Neto, da Justi\u00e7a Federal de Bras\u00edlia, determinou a suspens\u00e3o do ato de nomea\u00e7\u00e3o do ex-presidente Lula como ministro da Casa Civil do governo Dilma Rousseff nesta quinta-feira (17).<\/p>\n<p>O magistrado entendeu que h\u00e1 ind\u00edcios de cometimento do crime de responsabilidade.<em>\u00a0\u201cA posse e exerc\u00edcio no cargo podem ensejar interven\u00e7\u00e3o, indevida e odiosa, na atividade policial, do Minist\u00e9rio P\u00fablico e mesmo no exerc\u00edcio do Poder Judici\u00e1rio, pelo senhor Luiz In\u00e1cio Lula da Silva. Implica na interven\u00e7\u00e3o direta, por ato da Excelent\u00edssima Senhora Presidente da Rep\u00fablica, em \u00f3rg\u00e3os do Poder Judici\u00e1rio, com deslocamento de compet\u00eancia. E este seria o \u00fanico ou principal m\u00f3vel da atua\u00e7\u00e3o da Mandat\u00e1ria \u2013 modificar a compet\u00eancia, constitucionalmente atribu\u00edda, de \u00f3rg\u00e3os do Poder Judici\u00e1rio\u201d<\/em>, justifica o magistrado na decis\u00e3o.<\/p>\n<p><a href=\"http:\/\/www.sudoestehoje.com.br\/novoportal\/wp-content\/uploads\/2016\/03\/SUSPENSAO.jpg\" rel=\"attachment wp-att-56111\"><img loading=\"lazy\" decoding=\"async\" class=\"aligncenter wp-image-56111\" src=\"http:\/\/www.sudoestehoje.com.br\/novoportal\/wp-content\/uploads\/2016\/03\/SUSPENSAO.jpg\" alt=\"SUSPENSAO\" width=\"367\" height=\"514\" \/><\/a><\/p>\n","protected":false},"excerpt":{"rendered":"<p>O juiz Itagiba Catta Preta Neto, da Justi\u00e7a Federal de Bras\u00edlia, determinou a suspens\u00e3o do ato de nomea\u00e7\u00e3o do ex-presidente Lula como ministro da Casa Civil do governo Dilma Rousseff nesta quinta-feira (17). O magistrado entendeu que h\u00e1 ind\u00edcios de cometimento do crime de responsabilidade.\u00a0\u201cA posse e exerc\u00edcio no cargo podem ensejar interven\u00e7\u00e3o, indevida e [&hellip;]<\/p>\n","protected":false},"author":2,"featured_media":0,"comment_status":"open","ping_status":"open","sticky":false,"template":"","format":"standard","meta":{"footnotes":"","_links_to":"","_links_to_target":""},"categories":[1],"tags":[],"class_list":["post-56109","post","type-post","status-publish","format-standard","hentry","category-geral"],"views":1711,"_links":{"self":[{"href":"https:\/\/www.sudoestehoje.com.br\/novoportal\/wp-json\/wp\/v2\/posts\/56109","targetHints":{"allow":["GET"]}}],"collection":[{"href":"https:\/\/www.sudoestehoje.com.br\/novoportal\/wp-json\/wp\/v2\/posts"}],"about":[{"href":"https:\/\/www.sudoestehoje.com.br\/novoportal\/wp-json\/wp\/v2\/types\/post"}],"author":[{"embeddable":true,"href":"https:\/\/www.sudoestehoje.com.br\/novoportal\/wp-json\/wp\/v2\/users\/2"}],"replies":[{"embeddable":true,"href":"https:\/\/www.sudoestehoje.com.br\/novoportal\/wp-json\/wp\/v2\/comments?post=56109"}],"version-history":[{"count":1,"href":"https:\/\/www.sudoestehoje.com.br\/novoportal\/wp-json\/wp\/v2\/posts\/56109\/revisions"}],"predecessor-version":[{"id":56112,"href":"https:\/\/www.sudoestehoje.com.br\/novoportal\/wp-json\/wp\/v2\/posts\/56109\/revisions\/56112"}],"wp:attachment":[{"href":"https:\/\/www.sudoestehoje.com.br\/novoportal\/wp-json\/wp\/v2\/media?parent=56109"}],"wp:term":[{"taxonomy":"category","embeddable":true,"href":"https:\/\/www.sudoestehoje.com.br\/novoportal\/wp-json\/wp\/v2\/categories?post=56109"},{"taxonomy":"post_tag","embeddable":true,"href":"https:\/\/www.sudoestehoje.com.br\/novoportal\/wp-json\/wp\/v2\/tags?post=56109"}],"curies":[{"name":"wp","href":"https:\/\/api.w.org\/{rel}","templated":true}]}}