
{"id":56106,"date":"2016-03-17T11:25:33","date_gmt":"2016-03-17T14:25:33","guid":{"rendered":"http:\/\/www.sudoestehoje.com.br\/novoportal\/?p=56106"},"modified":"2016-03-17T11:25:33","modified_gmt":"2016-03-17T14:25:33","slug":"posse-de-lula-e-interrompida-com-gritos-de-vergonha-para-a-nacao","status":"publish","type":"post","link":"https:\/\/www.sudoestehoje.com.br\/novoportal\/2016\/03\/17\/posse-de-lula-e-interrompida-com-gritos-de-vergonha-para-a-nacao\/","title":{"rendered":"POSSE DE LULA \u00c9 INTERROMPIDA COM GRITOS DE &#8220;VERGONHA PARA A NA\u00c7\u00c3O!&#8221;"},"content":{"rendered":"<div id=\"attachment_56107\" style=\"width: 510px\" class=\"wp-caption aligncenter\"><a href=\"http:\/\/www.sudoestehoje.com.br\/novoportal\/wp-content\/uploads\/2016\/03\/PROTESTO-POSSE-LULA.jpg\" rel=\"attachment wp-att-56107\"><img loading=\"lazy\" decoding=\"async\" aria-describedby=\"caption-attachment-56107\" class=\"size-medium wp-image-56107\" src=\"http:\/\/www.sudoestehoje.com.br\/novoportal\/wp-content\/uploads\/2016\/03\/PROTESTO-POSSE-LULA-500x300.jpg\" alt=\"DURANTE A POSSE, UM MANIFESTANTE GRITOU: &quot;VERGONHA, VERGONHA PARA A NA\u00c7\u00c3O!&quot;\" width=\"500\" height=\"300\" srcset=\"https:\/\/www.sudoestehoje.com.br\/novoportal\/wp-content\/uploads\/2016\/03\/PROTESTO-POSSE-LULA-500x300.jpg 500w, https:\/\/www.sudoestehoje.com.br\/novoportal\/wp-content\/uploads\/2016\/03\/PROTESTO-POSSE-LULA-768x461.jpg 768w, https:\/\/www.sudoestehoje.com.br\/novoportal\/wp-content\/uploads\/2016\/03\/PROTESTO-POSSE-LULA-700x420.jpg 700w, https:\/\/www.sudoestehoje.com.br\/novoportal\/wp-content\/uploads\/2016\/03\/PROTESTO-POSSE-LULA.jpg 960w\" sizes=\"auto, (max-width: 500px) 100vw, 500px\" \/><\/a><p id=\"caption-attachment-56107\" class=\"wp-caption-text\">DURANTE A POSSE, UM MANIFESTANTE GRITOU: &#8220;VERGONHA, VERGONHA PARA A NA\u00c7\u00c3O!&#8221;<\/p><\/div>\n<p>O ex-presidente Luiz In\u00e1cio Lula da Silva tomou posse na manh\u00e3 desta quinta-feira (17) como ministro-chefe da Casa Civil e, em seguida, foi recebido com o grito de \u201cvergonha para a na\u00e7\u00e3o\u201d.<\/p>\n<p>Lula reassinou o termo de posse ap\u00f3s a presidente Dilma Rousseff faz\u00ea-lo \u2013 o documento divulgado pelo Pal\u00e1cio do Planalto estava assinado por ele .<\/p>\n<p>Al\u00e9m dele, tomaram posse os ministros Eug\u00eanio Arag\u00e3o, da Justi\u00e7a, Mauro Lopes, na Secretaria de Avia\u00e7\u00e3o Civil, e Jaques Wagner, como ministro-chefe do gabinete da Presid\u00eancia da Rep\u00fablica &#8211; que n\u00e3o participou da posse por utilizar avi\u00e3o de carreira e ter tido um contratempo.<\/p>\n","protected":false},"excerpt":{"rendered":"<p>O ex-presidente Luiz In\u00e1cio Lula da Silva tomou posse na manh\u00e3 desta quinta-feira (17) como ministro-chefe da Casa Civil e, em seguida, foi recebido com o grito de \u201cvergonha para a na\u00e7\u00e3o\u201d. Lula reassinou o termo de posse ap\u00f3s a presidente Dilma Rousseff faz\u00ea-lo \u2013 o documento divulgado pelo Pal\u00e1cio do Planalto estava assinado por [&hellip;]<\/p>\n","protected":false},"author":2,"featured_media":0,"comment_status":"open","ping_status":"open","sticky":false,"template":"","format":"standard","meta":{"footnotes":"","_links_to":"","_links_to_target":""},"categories":[1],"tags":[],"class_list":["post-56106","post","type-post","status-publish","format-standard","hentry","category-geral"],"views":2129,"_links":{"self":[{"href":"https:\/\/www.sudoestehoje.com.br\/novoportal\/wp-json\/wp\/v2\/posts\/56106","targetHints":{"allow":["GET"]}}],"collection":[{"href":"https:\/\/www.sudoestehoje.com.br\/novoportal\/wp-json\/wp\/v2\/posts"}],"about":[{"href":"https:\/\/www.sudoestehoje.com.br\/novoportal\/wp-json\/wp\/v2\/types\/post"}],"author":[{"embeddable":true,"href":"https:\/\/www.sudoestehoje.com.br\/novoportal\/wp-json\/wp\/v2\/users\/2"}],"replies":[{"embeddable":true,"href":"https:\/\/www.sudoestehoje.com.br\/novoportal\/wp-json\/wp\/v2\/comments?post=56106"}],"version-history":[{"count":1,"href":"https:\/\/www.sudoestehoje.com.br\/novoportal\/wp-json\/wp\/v2\/posts\/56106\/revisions"}],"predecessor-version":[{"id":56108,"href":"https:\/\/www.sudoestehoje.com.br\/novoportal\/wp-json\/wp\/v2\/posts\/56106\/revisions\/56108"}],"wp:attachment":[{"href":"https:\/\/www.sudoestehoje.com.br\/novoportal\/wp-json\/wp\/v2\/media?parent=56106"}],"wp:term":[{"taxonomy":"category","embeddable":true,"href":"https:\/\/www.sudoestehoje.com.br\/novoportal\/wp-json\/wp\/v2\/categories?post=56106"},{"taxonomy":"post_tag","embeddable":true,"href":"https:\/\/www.sudoestehoje.com.br\/novoportal\/wp-json\/wp\/v2\/tags?post=56106"}],"curies":[{"name":"wp","href":"https:\/\/api.w.org\/{rel}","templated":true}]}}