
{"id":56099,"date":"2016-03-17T09:52:38","date_gmt":"2016-03-17T12:52:38","guid":{"rendered":"http:\/\/www.sudoestehoje.com.br\/novoportal\/?p=56099"},"modified":"2016-03-17T09:52:38","modified_gmt":"2016-03-17T12:52:38","slug":"eleicoes-itapetinga-geraldo-trindade-nega-existencia-de-lista-de-pre-candidatos","status":"publish","type":"post","link":"https:\/\/www.sudoestehoje.com.br\/novoportal\/2016\/03\/17\/eleicoes-itapetinga-geraldo-trindade-nega-existencia-de-lista-de-pre-candidatos\/","title":{"rendered":"ELEI\u00c7\u00d5ES ITAPETINGA: GERALDO TRINDADE NEGA EXIST\u00caNCIA DE LISTA DE PR\u00c9-CANDIDATOS"},"content":{"rendered":"<p><a href=\"http:\/\/www.sudoestehoje.com.br\/novoportal\/wp-content\/uploads\/2016\/03\/GERALDO-TRINDADE.jpg\" rel=\"attachment wp-att-56101\"><img loading=\"lazy\" decoding=\"async\" class=\"size-medium wp-image-56101 alignleft\" src=\"http:\/\/www.sudoestehoje.com.br\/novoportal\/wp-content\/uploads\/2016\/03\/GERALDO-TRINDADE.jpg\" alt=\"GERALDO-TRINDADE\" width=\"261\" height=\"193\" \/><\/a><\/p>\n<p>Desde o in\u00edcio da semana, vem circulando nos meios pol\u00edticos e at\u00e9 na imprensa local,a informa\u00e7\u00e3o de que os partidos de oposi\u00e7\u00e3o em Itapetinga iriam escolher seu pr\u00e9-candidato a prefeito, atrav\u00e9s de listas tr\u00edplices apresentada pelo DEM e PMDB.<\/p>\n<p>Segundo essa tese, o PMDB escolheria um dos nomes da lista do DEM, para formar a chapa majorit\u00e1ria, com o DEM fazendo o mesmo com os nomes apresentados pelo PMDB.<\/p>\n<p>Pelo PMDB, j\u00e1 teriam sido escolhidos os nomes de Rodrigo Hagge, Dr. S\u00edlvio Macedo e Dr. Rodolfo Schettini, enquanto Renan Pereira, Geraldo Trindade e Naara Duarte seriam os nomes indicados pelo DEM.<\/p>\n<p>Em contato com a nossa reda\u00e7\u00e3o, na noite desta quarta-feira, o presidente municipal do DEM, Geraldo Trindade, negou a exist\u00eancia desse tipo de crit\u00e9rio para escolha do candidato \u00fanico das oposi\u00e7\u00f5es, que segundo ele s\u00f3 ser\u00e1 definido no in\u00edcio de abril.<\/p>\n<p><em>&#8220;Davi, pode negar isso ai. Estamos realizando as discuss\u00f5es sobre procedimentos e forma de condu\u00e7\u00e3o da escolha, inclusive com a presen\u00e7a do PSDB e demais partidos de oposi\u00e7\u00e3o. Ainda n\u00e3o existe discuss\u00e3o dos nomes. Defini\u00e7\u00e3o s\u00f3 no in\u00edcio de abril&#8221;<\/em>, confirmou Geraldo.<\/p>\n<p>O peemedebista Rodrigo Hagge disse concordar com Geraldo, acrescentando, por\u00e9m, que<em> &#8220;dentro do PMDB e DEM s\u00e3o esses os nomes que se manifestaram desejosos&#8221;<\/em>.<\/p>\n<p>Em conversa informal com o redator do Sudoeste Hoje, no \u00faltimo s\u00e1bado, o ex-prefeito Michel Hagge revelou que ainda h\u00e1 \u00a0a expectativa de uma conversa do ex-governador Paulo Souto e o prefeito de Salvador ACM Neto com o ex-prefeito Jos\u00e9 Ot\u00e1vio, para tentar demov\u00ea-lo do prop\u00f3sito de n\u00e3o se candidatar.<\/p>\n<p>Quando abril chegar, saberemos&#8230;<\/p>\n<p><strong><em>Por Davi Ferraz<\/em><\/strong><\/p>\n","protected":false},"excerpt":{"rendered":"<p>Desde o in\u00edcio da semana, vem circulando nos meios pol\u00edticos e at\u00e9 na imprensa local,a informa\u00e7\u00e3o de que os partidos de oposi\u00e7\u00e3o em Itapetinga iriam escolher seu pr\u00e9-candidato a prefeito, atrav\u00e9s de listas tr\u00edplices apresentada pelo DEM e PMDB. Segundo essa tese, o PMDB escolheria um dos nomes da lista do DEM, para formar a [&hellip;]<\/p>\n","protected":false},"author":2,"featured_media":0,"comment_status":"open","ping_status":"open","sticky":false,"template":"","format":"standard","meta":{"footnotes":"","_links_to":"","_links_to_target":""},"categories":[1],"tags":[],"class_list":["post-56099","post","type-post","status-publish","format-standard","hentry","category-geral"],"views":1458,"_links":{"self":[{"href":"https:\/\/www.sudoestehoje.com.br\/novoportal\/wp-json\/wp\/v2\/posts\/56099","targetHints":{"allow":["GET"]}}],"collection":[{"href":"https:\/\/www.sudoestehoje.com.br\/novoportal\/wp-json\/wp\/v2\/posts"}],"about":[{"href":"https:\/\/www.sudoestehoje.com.br\/novoportal\/wp-json\/wp\/v2\/types\/post"}],"author":[{"embeddable":true,"href":"https:\/\/www.sudoestehoje.com.br\/novoportal\/wp-json\/wp\/v2\/users\/2"}],"replies":[{"embeddable":true,"href":"https:\/\/www.sudoestehoje.com.br\/novoportal\/wp-json\/wp\/v2\/comments?post=56099"}],"version-history":[{"count":2,"href":"https:\/\/www.sudoestehoje.com.br\/novoportal\/wp-json\/wp\/v2\/posts\/56099\/revisions"}],"predecessor-version":[{"id":56103,"href":"https:\/\/www.sudoestehoje.com.br\/novoportal\/wp-json\/wp\/v2\/posts\/56099\/revisions\/56103"}],"wp:attachment":[{"href":"https:\/\/www.sudoestehoje.com.br\/novoportal\/wp-json\/wp\/v2\/media?parent=56099"}],"wp:term":[{"taxonomy":"category","embeddable":true,"href":"https:\/\/www.sudoestehoje.com.br\/novoportal\/wp-json\/wp\/v2\/categories?post=56099"},{"taxonomy":"post_tag","embeddable":true,"href":"https:\/\/www.sudoestehoje.com.br\/novoportal\/wp-json\/wp\/v2\/tags?post=56099"}],"curies":[{"name":"wp","href":"https:\/\/api.w.org\/{rel}","templated":true}]}}