
{"id":56093,"date":"2016-03-16T22:27:42","date_gmt":"2016-03-17T01:27:42","guid":{"rendered":"http:\/\/www.sudoestehoje.com.br\/novoportal\/?p=56093"},"modified":"2016-03-16T22:27:42","modified_gmt":"2016-03-17T01:27:42","slug":"pt-estadual-nao-abrira-mao-da-cabeca-de-chapa-em-itapetinga","status":"publish","type":"post","link":"https:\/\/www.sudoestehoje.com.br\/novoportal\/2016\/03\/16\/pt-estadual-nao-abrira-mao-da-cabeca-de-chapa-em-itapetinga\/","title":{"rendered":"PT ESTADUAL N\u00c3O ABRIR\u00c1 M\u00c3O DA &#8220;CABE\u00c7A DE CHAPA&#8221; EM ITAPETINGA"},"content":{"rendered":"<p><a href=\"http:\/\/www.sudoestehoje.com.br\/novoportal\/wp-content\/uploads\/2016\/03\/PT-X-ZE-CARLOS3.jpg\" rel=\"attachment wp-att-56096\"><img loading=\"lazy\" decoding=\"async\" class=\"aligncenter size-medium wp-image-56096\" src=\"http:\/\/www.sudoestehoje.com.br\/novoportal\/wp-content\/uploads\/2016\/03\/PT-X-ZE-CARLOS3-500x256.jpg\" alt=\"PT-X-ZE-CARLOS3\" width=\"500\" height=\"256\" srcset=\"https:\/\/www.sudoestehoje.com.br\/novoportal\/wp-content\/uploads\/2016\/03\/PT-X-ZE-CARLOS3-500x256.jpg 500w, https:\/\/www.sudoestehoje.com.br\/novoportal\/wp-content\/uploads\/2016\/03\/PT-X-ZE-CARLOS3-700x358.jpg 700w, https:\/\/www.sudoestehoje.com.br\/novoportal\/wp-content\/uploads\/2016\/03\/PT-X-ZE-CARLOS3.jpg 764w\" sizes=\"auto, (max-width: 500px) 100vw, 500px\" \/><\/a><\/p>\n<p>Em contato com membros da dire\u00e7\u00e3o estadual do PT em Salvador, o Sudoeste Hoje recebeu a confirma\u00e7\u00e3o de que o partido n\u00e3o dever\u00e1 abrir m\u00e3o da &#8216;cabe\u00e7a de chapa&#8217; para a disputa municipal em Itapetinga.<\/p>\n<p>Um dos argumentos dos petistas \u00e9 que os &#8216;favoritos&#8217; de Z\u00e9 Carlos, embora agregados ao seu governo, s\u00e3o da base aliada \u00e0 oposi\u00e7\u00e3o baiana, a exemplo do PDT, que \u00e9 ligado ao prefeito de Salvador, ACM Neto, maior advers\u00e1rio de Rui Costa.<\/p>\n<p>De acordo com a fonte petista, a segunda op\u00e7\u00e3o em Itapetinga, caso a pr\u00e9-candidatura da secret\u00e1ria Sibele Nery n\u00e3o vingue, \u00e9 apoiar o vice-prefeito Al\u00e9cio Chaves (PSD), que vem sendo bem avaliado e o seu partido \u00e9 o principal aliado do governo do Estado.<\/p>\n<p>Sem o dom\u00ednio no diret\u00f3rio do PT no munic\u00edpio, Z\u00e9 Carlos est\u00e1 de m\u00e3os amarradas e n\u00e3o tem mais o poder de decidir sozinho o nome do seu pretenso sucessor, a n\u00e3o ser que o deputado Rosemberg Pinto d\u00ea uma rasteira nos seus antigos companheiros do PT e retire o nome de Sibele NerY da disputa.<\/p>\n<p>Com isto, o an\u00fancio do nome do pr\u00e9-candidato do grupo do prefeito dever\u00e1 ser retardado ao m\u00e1ximo, sob pena de ser vetado pela c\u00fapula do PT baiano.<\/p>\n<p>Segundo a dire\u00e7\u00e3o do PT, candidato do PDT nem pensar.<\/p>\n<p><strong><em>Por Davi Ferraz<\/em><\/strong><\/p>\n","protected":false},"excerpt":{"rendered":"<p>Em contato com membros da dire\u00e7\u00e3o estadual do PT em Salvador, o Sudoeste Hoje recebeu a confirma\u00e7\u00e3o de que o partido n\u00e3o dever\u00e1 abrir m\u00e3o da &#8216;cabe\u00e7a de chapa&#8217; para a disputa municipal em Itapetinga. Um dos argumentos dos petistas \u00e9 que os &#8216;favoritos&#8217; de Z\u00e9 Carlos, embora agregados ao seu governo, s\u00e3o da base [&hellip;]<\/p>\n","protected":false},"author":2,"featured_media":0,"comment_status":"open","ping_status":"open","sticky":false,"template":"","format":"standard","meta":{"footnotes":"","_links_to":"","_links_to_target":""},"categories":[1],"tags":[],"class_list":["post-56093","post","type-post","status-publish","format-standard","hentry","category-geral"],"views":1758,"_links":{"self":[{"href":"https:\/\/www.sudoestehoje.com.br\/novoportal\/wp-json\/wp\/v2\/posts\/56093","targetHints":{"allow":["GET"]}}],"collection":[{"href":"https:\/\/www.sudoestehoje.com.br\/novoportal\/wp-json\/wp\/v2\/posts"}],"about":[{"href":"https:\/\/www.sudoestehoje.com.br\/novoportal\/wp-json\/wp\/v2\/types\/post"}],"author":[{"embeddable":true,"href":"https:\/\/www.sudoestehoje.com.br\/novoportal\/wp-json\/wp\/v2\/users\/2"}],"replies":[{"embeddable":true,"href":"https:\/\/www.sudoestehoje.com.br\/novoportal\/wp-json\/wp\/v2\/comments?post=56093"}],"version-history":[{"count":3,"href":"https:\/\/www.sudoestehoje.com.br\/novoportal\/wp-json\/wp\/v2\/posts\/56093\/revisions"}],"predecessor-version":[{"id":56098,"href":"https:\/\/www.sudoestehoje.com.br\/novoportal\/wp-json\/wp\/v2\/posts\/56093\/revisions\/56098"}],"wp:attachment":[{"href":"https:\/\/www.sudoestehoje.com.br\/novoportal\/wp-json\/wp\/v2\/media?parent=56093"}],"wp:term":[{"taxonomy":"category","embeddable":true,"href":"https:\/\/www.sudoestehoje.com.br\/novoportal\/wp-json\/wp\/v2\/categories?post=56093"},{"taxonomy":"post_tag","embeddable":true,"href":"https:\/\/www.sudoestehoje.com.br\/novoportal\/wp-json\/wp\/v2\/tags?post=56093"}],"curies":[{"name":"wp","href":"https:\/\/api.w.org\/{rel}","templated":true}]}}