
{"id":56083,"date":"2016-03-17T10:49:45","date_gmt":"2016-03-17T13:49:45","guid":{"rendered":"http:\/\/www.sudoestehoje.com.br\/novoportal\/?p=56083"},"modified":"2016-03-17T10:49:52","modified_gmt":"2016-03-17T13:49:52","slug":"eleicoes-itapetinga-senador-otto-alencar-reitera-apoio-a-candidatura-de-alecio","status":"publish","type":"post","link":"https:\/\/www.sudoestehoje.com.br\/novoportal\/2016\/03\/17\/eleicoes-itapetinga-senador-otto-alencar-reitera-apoio-a-candidatura-de-alecio\/","title":{"rendered":"ELEI\u00c7\u00d5ES ITAPETINGA: SENADOR OTTO ALENCAR REITERA APOIO \u00c1 CANDIDATURA DE AL\u00c9CIO"},"content":{"rendered":"<p class=\"yiv9533254237MsoNormal\"><a href=\"http:\/\/www.sudoestehoje.com.br\/novoportal\/wp-content\/uploads\/2016\/03\/Otto-e-Al\u00e9cio-1.jpg\" rel=\"attachment wp-att-56104\"><img loading=\"lazy\" decoding=\"async\" class=\"aligncenter size-medium wp-image-56104\" src=\"http:\/\/www.sudoestehoje.com.br\/novoportal\/wp-content\/uploads\/2016\/03\/Otto-e-Al\u00e9cio-1-500x451.jpg\" alt=\"Otto e Al\u00e9cio (1)\" width=\"500\" height=\"451\" srcset=\"https:\/\/www.sudoestehoje.com.br\/novoportal\/wp-content\/uploads\/2016\/03\/Otto-e-Al\u00e9cio-1-500x451.jpg 500w, https:\/\/www.sudoestehoje.com.br\/novoportal\/wp-content\/uploads\/2016\/03\/Otto-e-Al\u00e9cio-1.jpg 680w\" sizes=\"auto, (max-width: 500px) 100vw, 500px\" \/><\/a><\/p>\n<p class=\"yiv9533254237MsoNormal\">Depois de uma semana de intensa movimenta\u00e7\u00e3o pol\u00edtica em Itapetinga, o presidente municipal do PSD, vereador Alfredo Cabral, se tranquilizou com a reafirma\u00e7\u00e3o de apoio do senador Otto Alencar, ao pr\u00e9-candidato Al\u00e9cio Chaves.<\/p>\n<p id=\"yui_3_16_0_ym18_1_1458167783544_3514\" class=\"yiv9533254237MsoNormal\"><span id=\"yui_3_16_0_ym18_1_1458167783544_3513\">Segundo Alfredo, o diret\u00f3rio municipal do PSD de Itapetinga, juntamente com o vice-prefeito Al\u00e9cio Chaves, vem elaborando um projeto visando o desenvolvimento do munic\u00edpio de Itapetinga, com estabelecimento de a\u00e7\u00f5es poss\u00edveis de execu\u00e7\u00e3o.<\/span><\/p>\n<p id=\"yui_3_16_0_ym18_1_1458167783544_3497\" class=\"yiv9533254237MsoNormal\"><span id=\"yui_3_16_0_ym18_1_1458167783544_3503\">Em contato recente com o senador Otto Alencar, presidente do PSD na Bahia, Alfredo foi informado que as novas filia\u00e7\u00f5es de importantes parlamentares ao seu partido n\u00e3o ir\u00e3o interferir no apoio que tem dado \u00e0 pr\u00e9-candidatura do professor Al\u00e9cio Chaves, o candidato com melhor avalia\u00e7\u00e3o na base governista no munic\u00edpio.<\/span><\/p>\n<p class=\"yiv9533254237MsoNormal\"><strong><em><span id=\"yui_3_16_0_ym18_1_1458167783544_3503\">Por Davi Ferraz\u00a0<\/span><\/em><\/strong><\/p>\n","protected":false},"excerpt":{"rendered":"<p>Depois de uma semana de intensa movimenta\u00e7\u00e3o pol\u00edtica em Itapetinga, o presidente municipal do PSD, vereador Alfredo Cabral, se tranquilizou com a reafirma\u00e7\u00e3o de apoio do senador Otto Alencar, ao pr\u00e9-candidato Al\u00e9cio Chaves. Segundo Alfredo, o diret\u00f3rio municipal do PSD de Itapetinga, juntamente com o vice-prefeito Al\u00e9cio Chaves, vem elaborando um projeto visando o desenvolvimento [&hellip;]<\/p>\n","protected":false},"author":2,"featured_media":0,"comment_status":"open","ping_status":"open","sticky":false,"template":"","format":"standard","meta":{"footnotes":"","_links_to":"","_links_to_target":""},"categories":[1],"tags":[],"class_list":["post-56083","post","type-post","status-publish","format-standard","hentry","category-geral"],"views":1421,"_links":{"self":[{"href":"https:\/\/www.sudoestehoje.com.br\/novoportal\/wp-json\/wp\/v2\/posts\/56083","targetHints":{"allow":["GET"]}}],"collection":[{"href":"https:\/\/www.sudoestehoje.com.br\/novoportal\/wp-json\/wp\/v2\/posts"}],"about":[{"href":"https:\/\/www.sudoestehoje.com.br\/novoportal\/wp-json\/wp\/v2\/types\/post"}],"author":[{"embeddable":true,"href":"https:\/\/www.sudoestehoje.com.br\/novoportal\/wp-json\/wp\/v2\/users\/2"}],"replies":[{"embeddable":true,"href":"https:\/\/www.sudoestehoje.com.br\/novoportal\/wp-json\/wp\/v2\/comments?post=56083"}],"version-history":[{"count":5,"href":"https:\/\/www.sudoestehoje.com.br\/novoportal\/wp-json\/wp\/v2\/posts\/56083\/revisions"}],"predecessor-version":[{"id":56105,"href":"https:\/\/www.sudoestehoje.com.br\/novoportal\/wp-json\/wp\/v2\/posts\/56083\/revisions\/56105"}],"wp:attachment":[{"href":"https:\/\/www.sudoestehoje.com.br\/novoportal\/wp-json\/wp\/v2\/media?parent=56083"}],"wp:term":[{"taxonomy":"category","embeddable":true,"href":"https:\/\/www.sudoestehoje.com.br\/novoportal\/wp-json\/wp\/v2\/categories?post=56083"},{"taxonomy":"post_tag","embeddable":true,"href":"https:\/\/www.sudoestehoje.com.br\/novoportal\/wp-json\/wp\/v2\/tags?post=56083"}],"curies":[{"name":"wp","href":"https:\/\/api.w.org\/{rel}","templated":true}]}}