
{"id":56080,"date":"2016-03-16T13:02:35","date_gmt":"2016-03-16T16:02:35","guid":{"rendered":"http:\/\/www.sudoestehoje.com.br\/novoportal\/?p=56080"},"modified":"2016-03-16T13:02:35","modified_gmt":"2016-03-16T16:02:35","slug":"lula-e-o-novo-ministro-da-casa-civil-e-wagner-vira-chefe-de-gabinete","status":"publish","type":"post","link":"https:\/\/www.sudoestehoje.com.br\/novoportal\/2016\/03\/16\/lula-e-o-novo-ministro-da-casa-civil-e-wagner-vira-chefe-de-gabinete\/","title":{"rendered":"LULA \u00c9 O NOVO MINISTRO DA CASA CIVIL E WAGNER VIRA CHEFE DE GABINETE"},"content":{"rendered":"<p><a href=\"http:\/\/www.sudoestehoje.com.br\/novoportal\/wp-content\/uploads\/2016\/03\/dilma-wagner-e-lula.jpg\" rel=\"attachment wp-att-56081\"><img loading=\"lazy\" decoding=\"async\" class=\"aligncenter  wp-image-56081\" src=\"http:\/\/www.sudoestehoje.com.br\/novoportal\/wp-content\/uploads\/2016\/03\/dilma-wagner-e-lula.jpg\" alt=\"dilma, wagner e lula\" width=\"500\" height=\"333\" \/><\/a><\/p>\n<p>O ex-presidente Luiz In\u00e1cio Lula da Silva vai assumir a Casa Civil no lugar de Jaques Wagner e o ex-governador baiano seguir\u00e1 para a chefia de gabinete.<\/p>\n<p>A informa\u00e7\u00e3o foi anunciada no fim da manh\u00e3 desta quarta-feira (16\/3) pelo l\u00edder do PT na C\u00e2mara, Afonso Florence, em coletiva na C\u00e2mara dos Deputados.<\/p>\n<p>Lula e a presidente Dilma Rousseff estavam reunidos desde o in\u00edcio da manh\u00e3 no Pal\u00e1cio do Alvorada para definir os \u00faltimos detalhes da nomea\u00e7\u00e3o \u00e0 cadeira de ministro do governo.\u00a0O governo ainda n\u00e3o enviou uma nota \u00e0 imprensa sobre a nomea\u00e7\u00e3o de Lula.<\/p>\n","protected":false},"excerpt":{"rendered":"<p>O ex-presidente Luiz In\u00e1cio Lula da Silva vai assumir a Casa Civil no lugar de Jaques Wagner e o ex-governador baiano seguir\u00e1 para a chefia de gabinete. A informa\u00e7\u00e3o foi anunciada no fim da manh\u00e3 desta quarta-feira (16\/3) pelo l\u00edder do PT na C\u00e2mara, Afonso Florence, em coletiva na C\u00e2mara dos Deputados. Lula e a [&hellip;]<\/p>\n","protected":false},"author":2,"featured_media":0,"comment_status":"open","ping_status":"open","sticky":false,"template":"","format":"standard","meta":{"footnotes":"","_links_to":"","_links_to_target":""},"categories":[1],"tags":[],"class_list":["post-56080","post","type-post","status-publish","format-standard","hentry","category-geral"],"views":2055,"_links":{"self":[{"href":"https:\/\/www.sudoestehoje.com.br\/novoportal\/wp-json\/wp\/v2\/posts\/56080","targetHints":{"allow":["GET"]}}],"collection":[{"href":"https:\/\/www.sudoestehoje.com.br\/novoportal\/wp-json\/wp\/v2\/posts"}],"about":[{"href":"https:\/\/www.sudoestehoje.com.br\/novoportal\/wp-json\/wp\/v2\/types\/post"}],"author":[{"embeddable":true,"href":"https:\/\/www.sudoestehoje.com.br\/novoportal\/wp-json\/wp\/v2\/users\/2"}],"replies":[{"embeddable":true,"href":"https:\/\/www.sudoestehoje.com.br\/novoportal\/wp-json\/wp\/v2\/comments?post=56080"}],"version-history":[{"count":1,"href":"https:\/\/www.sudoestehoje.com.br\/novoportal\/wp-json\/wp\/v2\/posts\/56080\/revisions"}],"predecessor-version":[{"id":56082,"href":"https:\/\/www.sudoestehoje.com.br\/novoportal\/wp-json\/wp\/v2\/posts\/56080\/revisions\/56082"}],"wp:attachment":[{"href":"https:\/\/www.sudoestehoje.com.br\/novoportal\/wp-json\/wp\/v2\/media?parent=56080"}],"wp:term":[{"taxonomy":"category","embeddable":true,"href":"https:\/\/www.sudoestehoje.com.br\/novoportal\/wp-json\/wp\/v2\/categories?post=56080"},{"taxonomy":"post_tag","embeddable":true,"href":"https:\/\/www.sudoestehoje.com.br\/novoportal\/wp-json\/wp\/v2\/tags?post=56080"}],"curies":[{"name":"wp","href":"https:\/\/api.w.org\/{rel}","templated":true}]}}