
{"id":56071,"date":"2016-03-15T22:11:54","date_gmt":"2016-03-16T01:11:54","guid":{"rendered":"http:\/\/www.sudoestehoje.com.br\/novoportal\/?p=56071"},"modified":"2016-03-15T22:31:41","modified_gmt":"2016-03-16T01:31:41","slug":"eleicoes-deputado-uldurico-junior-assume-comando-do-pv-na-bahia","status":"publish","type":"post","link":"https:\/\/www.sudoestehoje.com.br\/novoportal\/2016\/03\/15\/eleicoes-deputado-uldurico-junior-assume-comando-do-pv-na-bahia\/","title":{"rendered":"ELEI\u00c7\u00d5ES: DEPUTADO ULDURICO JUNIOR ASSUME COMANDO DO PV NA BAHIA; M\u00c3O BRANCA DEVE SOBRAR"},"content":{"rendered":"<p><a href=\"http:\/\/www.sudoestehoje.com.br\/novoportal\/wp-content\/uploads\/2016\/03\/uldurico.jpg\" rel=\"attachment wp-att-56072\"><img loading=\"lazy\" decoding=\"async\" class=\"aligncenter wp-image-56072\" src=\"http:\/\/www.sudoestehoje.com.br\/novoportal\/wp-content\/uploads\/2016\/03\/uldurico-500x334.jpg\" alt=\"uldurico\" width=\"501\" height=\"335\" srcset=\"https:\/\/www.sudoestehoje.com.br\/novoportal\/wp-content\/uploads\/2016\/03\/uldurico-500x334.jpg 500w, https:\/\/www.sudoestehoje.com.br\/novoportal\/wp-content\/uploads\/2016\/03\/uldurico.jpg 600w\" sizes=\"auto, (max-width: 501px) 100vw, 501px\" \/><\/a><\/p>\n<p>O deputado federal Uldurico Junior anunciou na \u00faltima quarta-feira (9) a sua filia\u00e7\u00e3o ao Partido Verde. Em seu perfil do Facebook, o senador \u00c1lvaro Dias (PV-PR) confirmou mudan\u00e7as no PV da Bahia.\u00a0De acordo com Dias, Uldurico Junior \u00e9 o novo presidente da legenda no Estado.<\/p>\n<p>O presidente nacional do PV Jos\u00e9 Luiz Penna, o l\u00edder da Bancada Verde na C\u00e2mara dos Deputados, Sarney Filho, o ex-deputado federal, estadual e prefeito de Porto Seguro, Bahia, Ubaldino Junior, estiveram presentes no encontro que aconteceu no\u00a0gabinete do senador Alvaro Dias.<\/p>\n<p>H\u00e1 informa\u00e7\u00f5es de que haver\u00e1 mudan\u00e7as na executiva estadual, com o prov\u00e1vel afastamento de figuras inexpressivas como o forrozeiro Edgar M\u00e3o Branca, que dever\u00e1 deixar a vice-presid\u00eancia estadual do PV.<\/p>\n<p>As mudan\u00e7as poder\u00e3o atingir tamb\u00e9m o diret\u00f3rio municipal do partido em Itapetinga, com novos nomes assumindo o controle do partido. Surpresas \u00e0 vista&#8230;<\/p>\n<p><strong><em>Por Davi Ferraz<\/em><\/strong><\/p>\n","protected":false},"excerpt":{"rendered":"<p>O deputado federal Uldurico Junior anunciou na \u00faltima quarta-feira (9) a sua filia\u00e7\u00e3o ao Partido Verde. Em seu perfil do Facebook, o senador \u00c1lvaro Dias (PV-PR) confirmou mudan\u00e7as no PV da Bahia.\u00a0De acordo com Dias, Uldurico Junior \u00e9 o novo presidente da legenda no Estado. O presidente nacional do PV Jos\u00e9 Luiz Penna, o l\u00edder [&hellip;]<\/p>\n","protected":false},"author":2,"featured_media":0,"comment_status":"open","ping_status":"open","sticky":false,"template":"","format":"standard","meta":{"footnotes":"","_links_to":"","_links_to_target":""},"categories":[1],"tags":[],"class_list":["post-56071","post","type-post","status-publish","format-standard","hentry","category-geral"],"views":2576,"_links":{"self":[{"href":"https:\/\/www.sudoestehoje.com.br\/novoportal\/wp-json\/wp\/v2\/posts\/56071","targetHints":{"allow":["GET"]}}],"collection":[{"href":"https:\/\/www.sudoestehoje.com.br\/novoportal\/wp-json\/wp\/v2\/posts"}],"about":[{"href":"https:\/\/www.sudoestehoje.com.br\/novoportal\/wp-json\/wp\/v2\/types\/post"}],"author":[{"embeddable":true,"href":"https:\/\/www.sudoestehoje.com.br\/novoportal\/wp-json\/wp\/v2\/users\/2"}],"replies":[{"embeddable":true,"href":"https:\/\/www.sudoestehoje.com.br\/novoportal\/wp-json\/wp\/v2\/comments?post=56071"}],"version-history":[{"count":4,"href":"https:\/\/www.sudoestehoje.com.br\/novoportal\/wp-json\/wp\/v2\/posts\/56071\/revisions"}],"predecessor-version":[{"id":56076,"href":"https:\/\/www.sudoestehoje.com.br\/novoportal\/wp-json\/wp\/v2\/posts\/56071\/revisions\/56076"}],"wp:attachment":[{"href":"https:\/\/www.sudoestehoje.com.br\/novoportal\/wp-json\/wp\/v2\/media?parent=56071"}],"wp:term":[{"taxonomy":"category","embeddable":true,"href":"https:\/\/www.sudoestehoje.com.br\/novoportal\/wp-json\/wp\/v2\/categories?post=56071"},{"taxonomy":"post_tag","embeddable":true,"href":"https:\/\/www.sudoestehoje.com.br\/novoportal\/wp-json\/wp\/v2\/tags?post=56071"}],"curies":[{"name":"wp","href":"https:\/\/api.w.org\/{rel}","templated":true}]}}