
{"id":56051,"date":"2016-03-14T21:03:29","date_gmt":"2016-03-15T00:03:29","guid":{"rendered":"http:\/\/www.sudoestehoje.com.br\/novoportal\/?p=56051"},"modified":"2016-03-14T21:03:29","modified_gmt":"2016-03-15T00:03:29","slug":"para-se-livrar-de-prisao-lula-deve-ser-nomeado-ministro-de-dilma-ate-quarta","status":"publish","type":"post","link":"https:\/\/www.sudoestehoje.com.br\/novoportal\/2016\/03\/14\/para-se-livrar-de-prisao-lula-deve-ser-nomeado-ministro-de-dilma-ate-quarta\/","title":{"rendered":"PARA SE LIVRAR DE PRIS\u00c3O, LULA DEVE SER NOMEADO MINISTRO DE DILMA AT\u00c9 QUARTA"},"content":{"rendered":"<p><a href=\"http:\/\/www.sudoestehoje.com.br\/novoportal\/wp-content\/uploads\/2016\/03\/lula-dilma-wilson-dias-abr.jpg\" rel=\"attachment wp-att-56052\"><img loading=\"lazy\" decoding=\"async\" class=\"aligncenter size-medium wp-image-56052\" src=\"http:\/\/www.sudoestehoje.com.br\/novoportal\/wp-content\/uploads\/2016\/03\/lula-dilma-wilson-dias-abr-500x350.jpg\" alt=\"lula-dilma-wilson-dias-abr\" width=\"500\" height=\"350\" srcset=\"https:\/\/www.sudoestehoje.com.br\/novoportal\/wp-content\/uploads\/2016\/03\/lula-dilma-wilson-dias-abr-500x350.jpg 500w, https:\/\/www.sudoestehoje.com.br\/novoportal\/wp-content\/uploads\/2016\/03\/lula-dilma-wilson-dias-abr.jpg 600w\" sizes=\"auto, (max-width: 500px) 100vw, 500px\" \/><\/a><\/p>\n<p>O ex-presidente da Rep\u00fablica, Luiz In\u00e1cio Lula da Silva, aceitou nesta segunda-feira (14) o convite da presidente Dilma Rousseff (PT) para ocupar uma cadeira na Esplanada dos Minist\u00e9rios.<\/p>\n<p>Fontes do Pal\u00e1cio do Planalto confirmaram \u00a0que entre esta ter\u00e7a (15) e a pr\u00f3xima quarta (16), ele ir\u00e1 a Bras\u00edlia conversar diretamente com a mandat\u00e1ria para bater o martelo sobre a miss\u00e3o a cumprir e qual pasta ir\u00e1 comandar: ou a Casa Civil, atualmente sob a batuta de Jaques Wagner, ou a Secretaria-Geral da Presid\u00eancia, nas m\u00e3os de Ricardo Berzoini.<\/p>\n<p>De acordo com os interlocutores ouvidos pela reportagem, a ida de Lula n\u00e3o seria uma concess\u00e3o de foro privilegiado por prote\u00e7\u00e3o de Dilma \u2013 a fim de evitar um poss\u00edvel pedido de pris\u00e3o, agora <a href=\"http:\/\/bahia.ba\/politica\/juiza-de-sp-encaminha-denuncia-contra-lula-para-sergio-moro\/\" target=\"_blank\">sob a an\u00e1lise do juiz federal S\u00e9rgio Moro<\/a> \u2013, mas sim um refor\u00e7o \u00e0 equipe, j\u00e1 que ele estaria \u201cmotivado por uma necessidade do governo\u201d, abalado pela crise pol\u00edtica e econ\u00f4mica.<\/p>\n<p>Lula teria dois dilemas a resolver nas pr\u00f3ximas horas: ele n\u00e3o gostaria de tirar Wagner da fun\u00e7\u00e3o porque \u201cqueria de t\u00ea-lo por perto\u201d e pretendia \u201ctrabalhar a quatro m\u00e3os\u201d\u00a0com Berzoini, por avaliar como \u201cimportante\u201d o seu papel de articula\u00e7\u00e3o com o Congresso Nacional, que pode <a href=\"http:\/\/bahia.ba\/politica\/impeachment-sera-votado-em-45-dias-preve-peemedebista\/\" target=\"_blank\">votar o impeachment de Dilma em 45 dias<\/a>.<\/p>\n<p>A previs\u00e3o \u00e9 de que o an\u00fancio oficial s\u00f3 saia ap\u00f3s o encontro entre Lula e Dilma.<\/p>\n","protected":false},"excerpt":{"rendered":"<p>O ex-presidente da Rep\u00fablica, Luiz In\u00e1cio Lula da Silva, aceitou nesta segunda-feira (14) o convite da presidente Dilma Rousseff (PT) para ocupar uma cadeira na Esplanada dos Minist\u00e9rios. Fontes do Pal\u00e1cio do Planalto confirmaram \u00a0que entre esta ter\u00e7a (15) e a pr\u00f3xima quarta (16), ele ir\u00e1 a Bras\u00edlia conversar diretamente com a mandat\u00e1ria para bater [&hellip;]<\/p>\n","protected":false},"author":2,"featured_media":0,"comment_status":"open","ping_status":"open","sticky":false,"template":"","format":"standard","meta":{"footnotes":"","_links_to":"","_links_to_target":""},"categories":[1],"tags":[],"class_list":["post-56051","post","type-post","status-publish","format-standard","hentry","category-geral"],"views":1728,"_links":{"self":[{"href":"https:\/\/www.sudoestehoje.com.br\/novoportal\/wp-json\/wp\/v2\/posts\/56051","targetHints":{"allow":["GET"]}}],"collection":[{"href":"https:\/\/www.sudoestehoje.com.br\/novoportal\/wp-json\/wp\/v2\/posts"}],"about":[{"href":"https:\/\/www.sudoestehoje.com.br\/novoportal\/wp-json\/wp\/v2\/types\/post"}],"author":[{"embeddable":true,"href":"https:\/\/www.sudoestehoje.com.br\/novoportal\/wp-json\/wp\/v2\/users\/2"}],"replies":[{"embeddable":true,"href":"https:\/\/www.sudoestehoje.com.br\/novoportal\/wp-json\/wp\/v2\/comments?post=56051"}],"version-history":[{"count":1,"href":"https:\/\/www.sudoestehoje.com.br\/novoportal\/wp-json\/wp\/v2\/posts\/56051\/revisions"}],"predecessor-version":[{"id":56053,"href":"https:\/\/www.sudoestehoje.com.br\/novoportal\/wp-json\/wp\/v2\/posts\/56051\/revisions\/56053"}],"wp:attachment":[{"href":"https:\/\/www.sudoestehoje.com.br\/novoportal\/wp-json\/wp\/v2\/media?parent=56051"}],"wp:term":[{"taxonomy":"category","embeddable":true,"href":"https:\/\/www.sudoestehoje.com.br\/novoportal\/wp-json\/wp\/v2\/categories?post=56051"},{"taxonomy":"post_tag","embeddable":true,"href":"https:\/\/www.sudoestehoje.com.br\/novoportal\/wp-json\/wp\/v2\/tags?post=56051"}],"curies":[{"name":"wp","href":"https:\/\/api.w.org\/{rel}","templated":true}]}}