
{"id":56026,"date":"2016-03-13T19:25:24","date_gmt":"2016-03-13T22:25:24","guid":{"rendered":"http:\/\/www.sudoestehoje.com.br\/novoportal\/?p=56026"},"modified":"2016-03-13T19:31:11","modified_gmt":"2016-03-13T22:31:11","slug":"itapetinga-foi-as-ruas-em-protesto-contra-dilma-lula-e-o-pt","status":"publish","type":"post","link":"https:\/\/www.sudoestehoje.com.br\/novoportal\/2016\/03\/13\/itapetinga-foi-as-ruas-em-protesto-contra-dilma-lula-e-o-pt\/","title":{"rendered":"ITAPETINGA FOI \u00c0S RUAS EM PROTESTO CONTRA DILMA, LULA E O PT"},"content":{"rendered":"<p><a href=\"http:\/\/www.sudoestehoje.com.br\/novoportal\/wp-content\/uploads\/2016\/03\/pra\u00e7a.jpg\" rel=\"attachment wp-att-56027\"><img loading=\"lazy\" decoding=\"async\" class=\"aligncenter size-medium wp-image-56027\" src=\"http:\/\/www.sudoestehoje.com.br\/novoportal\/wp-content\/uploads\/2016\/03\/pra\u00e7a-500x301.jpg\" alt=\"pra\u00e7a\" width=\"500\" height=\"301\" srcset=\"https:\/\/www.sudoestehoje.com.br\/novoportal\/wp-content\/uploads\/2016\/03\/pra\u00e7a-500x301.jpg 500w, https:\/\/www.sudoestehoje.com.br\/novoportal\/wp-content\/uploads\/2016\/03\/pra\u00e7a-768x462.jpg 768w, https:\/\/www.sudoestehoje.com.br\/novoportal\/wp-content\/uploads\/2016\/03\/pra\u00e7a-700x421.jpg 700w, https:\/\/www.sudoestehoje.com.br\/novoportal\/wp-content\/uploads\/2016\/03\/pra\u00e7a.jpg 960w\" sizes=\"auto, (max-width: 500px) 100vw, 500px\" \/><\/a><\/p>\n<p><strong><em>Por Davi Ferraz<\/em><\/strong><\/p>\n<p>Assim como em todo o pa\u00eds, a popula\u00e7\u00e3o de Itapetinga tamb\u00e9m foi \u00e0s ruas para protestar contra a corrup\u00e7\u00e3o, pelo impeachment de Dilma e pela pris\u00e3o de Lula.<\/p>\n<p>A concentra\u00e7\u00e3o aconteceu na Pra\u00e7a Dairy Valley, onde cerca de 600 pessoas compareceram vestidas de verde e amarelo, para se manifestarem pacificamente.<\/p>\n<p>Pol\u00edticos das oposi\u00e7\u00f5es, como os ex-prefeitos Michel Hagge e Jos\u00e9 Ot\u00e1vio Curvelo, tamb\u00e9m marcaram presen\u00e7a no movimento, que contou tamb\u00e9m com a participa\u00e7\u00e3o dos pr\u00e9-candidatos Renan Pereira (DEM), Adriano Alc\u00e2ntara (PSDB), dentre outros.<\/p>\n<p>Por volta das 18 horas os manifestantes sa\u00edram em caminhada at\u00e9 o Parque da Lagoa e retornando \u00e0 Pra\u00e7a Dairy Valley, onde o ato foi encerrados.<\/p>\n<p>CONFIRA ABAIXO TODAS AS FOTOS:<\/p>\n<p><a href=\"https:\/\/www.facebook.com\/photo.php?fbid=989694167788651&amp;set=pcb.989695111121890&amp;type=3&amp;theater\">FOTOS 1<\/a><\/p>\n<p><a href=\"https:\/\/www.facebook.com\/photo.php?fbid=989696221121779&amp;set=pcb.989697624454972&amp;type=3&amp;theater\">FOTOS 2<\/a><\/p>\n<p><a href=\"https:\/\/www.facebook.com\/photo.php?fbid=989701294454605&amp;set=pcb.989702764454458&amp;type=3&amp;theater\">FOTOS 3<\/a><\/p>\n<p>&nbsp;<\/p>\n","protected":false},"excerpt":{"rendered":"<p>Por Davi Ferraz Assim como em todo o pa\u00eds, a popula\u00e7\u00e3o de Itapetinga tamb\u00e9m foi \u00e0s ruas para protestar contra a corrup\u00e7\u00e3o, pelo impeachment de Dilma e pela pris\u00e3o de Lula. A concentra\u00e7\u00e3o aconteceu na Pra\u00e7a Dairy Valley, onde cerca de 600 pessoas compareceram vestidas de verde e amarelo, para se manifestarem pacificamente. Pol\u00edticos das [&hellip;]<\/p>\n","protected":false},"author":2,"featured_media":0,"comment_status":"open","ping_status":"open","sticky":false,"template":"","format":"standard","meta":{"footnotes":"","_links_to":"","_links_to_target":""},"categories":[1],"tags":[],"class_list":["post-56026","post","type-post","status-publish","format-standard","hentry","category-geral"],"views":4058,"_links":{"self":[{"href":"https:\/\/www.sudoestehoje.com.br\/novoportal\/wp-json\/wp\/v2\/posts\/56026","targetHints":{"allow":["GET"]}}],"collection":[{"href":"https:\/\/www.sudoestehoje.com.br\/novoportal\/wp-json\/wp\/v2\/posts"}],"about":[{"href":"https:\/\/www.sudoestehoje.com.br\/novoportal\/wp-json\/wp\/v2\/types\/post"}],"author":[{"embeddable":true,"href":"https:\/\/www.sudoestehoje.com.br\/novoportal\/wp-json\/wp\/v2\/users\/2"}],"replies":[{"embeddable":true,"href":"https:\/\/www.sudoestehoje.com.br\/novoportal\/wp-json\/wp\/v2\/comments?post=56026"}],"version-history":[{"count":6,"href":"https:\/\/www.sudoestehoje.com.br\/novoportal\/wp-json\/wp\/v2\/posts\/56026\/revisions"}],"predecessor-version":[{"id":56032,"href":"https:\/\/www.sudoestehoje.com.br\/novoportal\/wp-json\/wp\/v2\/posts\/56026\/revisions\/56032"}],"wp:attachment":[{"href":"https:\/\/www.sudoestehoje.com.br\/novoportal\/wp-json\/wp\/v2\/media?parent=56026"}],"wp:term":[{"taxonomy":"category","embeddable":true,"href":"https:\/\/www.sudoestehoje.com.br\/novoportal\/wp-json\/wp\/v2\/categories?post=56026"},{"taxonomy":"post_tag","embeddable":true,"href":"https:\/\/www.sudoestehoje.com.br\/novoportal\/wp-json\/wp\/v2\/tags?post=56026"}],"curies":[{"name":"wp","href":"https:\/\/api.w.org\/{rel}","templated":true}]}}