
{"id":56008,"date":"2016-03-13T13:25:39","date_gmt":"2016-03-13T16:25:39","guid":{"rendered":"http:\/\/www.sudoestehoje.com.br\/novoportal\/?p=56008"},"modified":"2016-03-13T19:55:52","modified_gmt":"2016-03-13T22:55:52","slug":"protestos-contra-lula-dilma-e-a-corrupcao-tomam-conta-do-pais","status":"publish","type":"post","link":"https:\/\/www.sudoestehoje.com.br\/novoportal\/2016\/03\/13\/protestos-contra-lula-dilma-e-a-corrupcao-tomam-conta-do-pais\/","title":{"rendered":"PROTESTOS CONTRA LULA, DILMA E A CORRUP\u00c7\u00c3O TOMAM CONTA DO PA\u00cdS"},"content":{"rendered":"<p><strong><em>Por Davi Ferraz<\/em><\/strong><\/p>\n<div id=\"attachment_56034\" style=\"width: 510px\" class=\"wp-caption aligncenter\"><a href=\"http:\/\/www.sudoestehoje.com.br\/novoportal\/wp-content\/uploads\/2016\/03\/SSA.jpg\" rel=\"attachment wp-att-56034\"><img loading=\"lazy\" decoding=\"async\" aria-describedby=\"caption-attachment-56034\" class=\"size-medium wp-image-56034\" src=\"http:\/\/www.sudoestehoje.com.br\/novoportal\/wp-content\/uploads\/2016\/03\/SSA-500x333.jpg\" alt=\"SALVADOR - BAHIA\" width=\"500\" height=\"333\" srcset=\"https:\/\/www.sudoestehoje.com.br\/novoportal\/wp-content\/uploads\/2016\/03\/SSA-500x333.jpg 500w, https:\/\/www.sudoestehoje.com.br\/novoportal\/wp-content\/uploads\/2016\/03\/SSA-768x511.jpg 768w, https:\/\/www.sudoestehoje.com.br\/novoportal\/wp-content\/uploads\/2016\/03\/SSA-700x466.jpg 700w, https:\/\/www.sudoestehoje.com.br\/novoportal\/wp-content\/uploads\/2016\/03\/SSA.jpg 960w\" sizes=\"auto, (max-width: 500px) 100vw, 500px\" \/><\/a><p id=\"caption-attachment-56034\" class=\"wp-caption-text\">SALVADOR &#8211; BAHIA<\/p><\/div>\n<p>Neste domingo o Brasil amanheceu vestido de verde e amarelo, para participar dos protestos contra a corrup\u00e7\u00e3o, o ex-presidente Lula, pelo impeachment da presidente Dilma e em defesa do juiz federal S\u00e9rgio Moro, o MPF e a Pol\u00edcia Federal, que conduzem com m\u00e3os de ferro as investiga\u00e7\u00f5es e julgamento na Opera\u00e7\u00e3o Lava Jato.<\/p>\n<p>No Rio de Janeiro, cerca de 1 milh\u00e3o de pessoas tomou conta da orla de Copacabana, na maior manifesta\u00e7\u00e3o contra o governo federal em toda a sua hist\u00f3ria. Belo Horizonte, Salvador, Recife, Bel\u00e9m, Macei\u00f3 e in\u00fameras cidades brasileira tamb\u00e9m foram palco de grandes manifesta\u00e7\u00f5es, todas pac\u00edficas.<\/p>\n<p>A grande expectativa \u00e9 a manifesta\u00e7\u00e3o que j\u00e1 come\u00e7a em S\u00e3o Paulo, onde se espera mais de 1 milh\u00e3o de pessoas na Avenida Paulista, na tarde deste domingo.<\/p>\n<p>Confira as fotos dos protestos por todo o Brasil:<\/p>\n<div id=\"attachment_56013\" style=\"width: 510px\" class=\"wp-caption aligncenter\"><a href=\"http:\/\/www.sudoestehoje.com.br\/novoportal\/wp-content\/uploads\/2016\/03\/RIO-1.jpg\" rel=\"attachment wp-att-56013\"><img loading=\"lazy\" decoding=\"async\" aria-describedby=\"caption-attachment-56013\" class=\"size-medium wp-image-56013\" src=\"http:\/\/www.sudoestehoje.com.br\/novoportal\/wp-content\/uploads\/2016\/03\/RIO-1-500x242.jpg\" alt=\"RIO DE JANEIRO\" width=\"500\" height=\"242\" srcset=\"https:\/\/www.sudoestehoje.com.br\/novoportal\/wp-content\/uploads\/2016\/03\/RIO-1-500x242.jpg 500w, https:\/\/www.sudoestehoje.com.br\/novoportal\/wp-content\/uploads\/2016\/03\/RIO-1.jpg 599w\" sizes=\"auto, (max-width: 500px) 100vw, 500px\" \/><\/a><p id=\"caption-attachment-56013\" class=\"wp-caption-text\">RIO DE JANEIRO<\/p><\/div>\n<div id=\"attachment_56014\" style=\"width: 510px\" class=\"wp-caption aligncenter\"><a href=\"http:\/\/www.sudoestehoje.com.br\/novoportal\/wp-content\/uploads\/2016\/03\/RIO-2.jpg\" rel=\"attachment wp-att-56014\"><img loading=\"lazy\" decoding=\"async\" aria-describedby=\"caption-attachment-56014\" class=\"size-medium wp-image-56014\" src=\"http:\/\/www.sudoestehoje.com.br\/novoportal\/wp-content\/uploads\/2016\/03\/RIO-2-500x333.jpg\" alt=\"RIO DE JANEIRO\" width=\"500\" height=\"333\" srcset=\"https:\/\/www.sudoestehoje.com.br\/novoportal\/wp-content\/uploads\/2016\/03\/RIO-2-500x333.jpg 500w, https:\/\/www.sudoestehoje.com.br\/novoportal\/wp-content\/uploads\/2016\/03\/RIO-2-768x512.jpg 768w, https:\/\/www.sudoestehoje.com.br\/novoportal\/wp-content\/uploads\/2016\/03\/RIO-2-700x467.jpg 700w, https:\/\/www.sudoestehoje.com.br\/novoportal\/wp-content\/uploads\/2016\/03\/RIO-2.jpg 960w\" sizes=\"auto, (max-width: 500px) 100vw, 500px\" \/><\/a><p id=\"caption-attachment-56014\" class=\"wp-caption-text\">RIO DE JANEIRO<\/p><\/div>\n<div id=\"attachment_56016\" style=\"width: 510px\" class=\"wp-caption aligncenter\"><a href=\"http:\/\/www.sudoestehoje.com.br\/novoportal\/wp-content\/uploads\/2016\/03\/manif-brasilia-cheia.jpg\" rel=\"attachment wp-att-56016\"><img loading=\"lazy\" decoding=\"async\" aria-describedby=\"caption-attachment-56016\" class=\"size-medium wp-image-56016\" src=\"http:\/\/www.sudoestehoje.com.br\/novoportal\/wp-content\/uploads\/2016\/03\/manif-brasilia-cheia-500x384.jpg\" alt=\"BRASILIA - DF\" width=\"500\" height=\"384\" srcset=\"https:\/\/www.sudoestehoje.com.br\/novoportal\/wp-content\/uploads\/2016\/03\/manif-brasilia-cheia-500x384.jpg 500w, https:\/\/www.sudoestehoje.com.br\/novoportal\/wp-content\/uploads\/2016\/03\/manif-brasilia-cheia.jpg 560w\" sizes=\"auto, (max-width: 500px) 100vw, 500px\" \/><\/a><p id=\"caption-attachment-56016\" class=\"wp-caption-text\">BRASILIA &#8211; DF<\/p><\/div>\n<div id=\"attachment_56023\" style=\"width: 510px\" class=\"wp-caption aligncenter\"><a href=\"http:\/\/www.sudoestehoje.com.br\/novoportal\/wp-content\/uploads\/2016\/03\/BEL\u00d4.jpg\" rel=\"attachment wp-att-56023\"><img loading=\"lazy\" decoding=\"async\" aria-describedby=\"caption-attachment-56023\" class=\"size-medium wp-image-56023\" src=\"http:\/\/www.sudoestehoje.com.br\/novoportal\/wp-content\/uploads\/2016\/03\/BEL\u00d4-500x300.jpg\" alt=\"BELO HORIZONTE - MG\" width=\"500\" height=\"300\" srcset=\"https:\/\/www.sudoestehoje.com.br\/novoportal\/wp-content\/uploads\/2016\/03\/BEL\u00d4-500x300.jpg 500w, https:\/\/www.sudoestehoje.com.br\/novoportal\/wp-content\/uploads\/2016\/03\/BEL\u00d4-768x461.jpg 768w, https:\/\/www.sudoestehoje.com.br\/novoportal\/wp-content\/uploads\/2016\/03\/BEL\u00d4-700x420.jpg 700w, https:\/\/www.sudoestehoje.com.br\/novoportal\/wp-content\/uploads\/2016\/03\/BEL\u00d4.jpg 960w\" sizes=\"auto, (max-width: 500px) 100vw, 500px\" \/><\/a><p id=\"caption-attachment-56023\" class=\"wp-caption-text\">BELO HORIZONTE &#8211; MG<\/p><\/div>\n<div id=\"attachment_56035\" style=\"width: 510px\" class=\"wp-caption aligncenter\"><a href=\"http:\/\/www.sudoestehoje.com.br\/novoportal\/wp-content\/uploads\/2016\/03\/SSA-1.jpg\" rel=\"attachment wp-att-56035\"><img loading=\"lazy\" decoding=\"async\" aria-describedby=\"caption-attachment-56035\" class=\"size-medium wp-image-56035\" src=\"http:\/\/www.sudoestehoje.com.br\/novoportal\/wp-content\/uploads\/2016\/03\/SSA-1-500x333.jpg\" alt=\"FAROL DA BARRA - SALVADOR\" width=\"500\" height=\"333\" srcset=\"https:\/\/www.sudoestehoje.com.br\/novoportal\/wp-content\/uploads\/2016\/03\/SSA-1-500x333.jpg 500w, https:\/\/www.sudoestehoje.com.br\/novoportal\/wp-content\/uploads\/2016\/03\/SSA-1-768x511.jpg 768w, https:\/\/www.sudoestehoje.com.br\/novoportal\/wp-content\/uploads\/2016\/03\/SSA-1-700x466.jpg 700w, https:\/\/www.sudoestehoje.com.br\/novoportal\/wp-content\/uploads\/2016\/03\/SSA-1.jpg 960w\" sizes=\"auto, (max-width: 500px) 100vw, 500px\" \/><\/a><p id=\"caption-attachment-56035\" class=\"wp-caption-text\">FAROL DA BARRA &#8211; SALVADOR<\/p><\/div>\n<div id=\"attachment_56036\" style=\"width: 510px\" class=\"wp-caption aligncenter\"><a href=\"http:\/\/www.sudoestehoje.com.br\/novoportal\/wp-content\/uploads\/2016\/03\/SP.jpg\" rel=\"attachment wp-att-56036\"><img loading=\"lazy\" decoding=\"async\" aria-describedby=\"caption-attachment-56036\" class=\" wp-image-56036\" src=\"http:\/\/www.sudoestehoje.com.br\/novoportal\/wp-content\/uploads\/2016\/03\/SP-467x700.jpg\" alt=\"AVENIDA PAULISTA - S\u00c3O PAULO\" width=\"500\" height=\"749\" srcset=\"https:\/\/www.sudoestehoje.com.br\/novoportal\/wp-content\/uploads\/2016\/03\/SP-467x700.jpg 467w, https:\/\/www.sudoestehoje.com.br\/novoportal\/wp-content\/uploads\/2016\/03\/SP.jpg 600w\" sizes=\"auto, (max-width: 500px) 100vw, 500px\" \/><\/a><p id=\"caption-attachment-56036\" class=\"wp-caption-text\">AVENIDA PAULISTA &#8211; S\u00c3O PAULO<\/p><\/div>\n","protected":false},"excerpt":{"rendered":"<p>Por Davi Ferraz Neste domingo o Brasil amanheceu vestido de verde e amarelo, para participar dos protestos contra a corrup\u00e7\u00e3o, o ex-presidente Lula, pelo impeachment da presidente Dilma e em defesa do juiz federal S\u00e9rgio Moro, o MPF e a Pol\u00edcia Federal, que conduzem com m\u00e3os de ferro as investiga\u00e7\u00f5es e julgamento na Opera\u00e7\u00e3o Lava [&hellip;]<\/p>\n","protected":false},"author":2,"featured_media":0,"comment_status":"open","ping_status":"open","sticky":false,"template":"","format":"standard","meta":{"footnotes":"","_links_to":"","_links_to_target":""},"categories":[1],"tags":[],"class_list":["post-56008","post","type-post","status-publish","format-standard","hentry","category-geral"],"views":2420,"_links":{"self":[{"href":"https:\/\/www.sudoestehoje.com.br\/novoportal\/wp-json\/wp\/v2\/posts\/56008","targetHints":{"allow":["GET"]}}],"collection":[{"href":"https:\/\/www.sudoestehoje.com.br\/novoportal\/wp-json\/wp\/v2\/posts"}],"about":[{"href":"https:\/\/www.sudoestehoje.com.br\/novoportal\/wp-json\/wp\/v2\/types\/post"}],"author":[{"embeddable":true,"href":"https:\/\/www.sudoestehoje.com.br\/novoportal\/wp-json\/wp\/v2\/users\/2"}],"replies":[{"embeddable":true,"href":"https:\/\/www.sudoestehoje.com.br\/novoportal\/wp-json\/wp\/v2\/comments?post=56008"}],"version-history":[{"count":5,"href":"https:\/\/www.sudoestehoje.com.br\/novoportal\/wp-json\/wp\/v2\/posts\/56008\/revisions"}],"predecessor-version":[{"id":56037,"href":"https:\/\/www.sudoestehoje.com.br\/novoportal\/wp-json\/wp\/v2\/posts\/56008\/revisions\/56037"}],"wp:attachment":[{"href":"https:\/\/www.sudoestehoje.com.br\/novoportal\/wp-json\/wp\/v2\/media?parent=56008"}],"wp:term":[{"taxonomy":"category","embeddable":true,"href":"https:\/\/www.sudoestehoje.com.br\/novoportal\/wp-json\/wp\/v2\/categories?post=56008"},{"taxonomy":"post_tag","embeddable":true,"href":"https:\/\/www.sudoestehoje.com.br\/novoportal\/wp-json\/wp\/v2\/tags?post=56008"}],"curies":[{"name":"wp","href":"https:\/\/api.w.org\/{rel}","templated":true}]}}