
{"id":560,"date":"2010-07-15T16:41:05","date_gmt":"2010-07-15T19:41:05","guid":{"rendered":"http:\/\/sudoestehoje.tempsite.ws\/novoportal\/?p=560"},"modified":"2010-09-22T16:41:23","modified_gmt":"2010-09-22T19:41:23","slug":"candidato-do-psol-promete-acabar-com-o-reda","status":"publish","type":"post","link":"https:\/\/www.sudoestehoje.com.br\/novoportal\/2010\/07\/15\/candidato-do-psol-promete-acabar-com-o-reda\/","title":{"rendered":"CANDIDATO DO PSOL PROMETE ACABAR COM O REDA"},"content":{"rendered":"<div>\n<div><img loading=\"lazy\" decoding=\"async\" src=\"http:\/\/www.bahianoticias.com.br\/fotos\/editor\/Image\/marcos_mendes_detalha_convencao_psol_foto-maxhaack.jpg\" border=\"0\" alt=\"\" width=\"350\" height=\"304\" \/><\/div>\n<div>Marcos Mendes \u00e9 candidato ao governo pelo Psol<\/div>\n<p>Em  nota, o candidato ao Governo do Estado pelo PSOL, Marcos Mendes,  come\u00e7ou a tecer cr\u00edticas \u00e0 atual gest\u00e3o, que, segundo ele, privilegiou a  contrata\u00e7\u00e3o de funcion\u00e1rios via Regime de Direito Administrativo  (Reda), que tem contratos de dura\u00e7\u00e3o de dois a quatro anos, em  detrimento da realiza\u00e7\u00e3o de concursos p\u00fablicos. Segundo ele, esta  pol\u00edtica de contrata\u00e7\u00e3o tempor\u00e1ria \u201c\u00e9 uma clara demonstra\u00e7\u00e3o do total  descompromisso de Wagner com o funcionalismo estadual. Contrata\u00e7\u00e3o via  REDA s\u00f3 serve para precarizar ainda mais a presta\u00e7\u00e3o do servi\u00e7o p\u00fablico  aos baianos\u201d, avaliou. O candidato tamb\u00e9m condenou o \u201cexcessivo n\u00famero\u201d  de cargos de confian\u00e7a, que segundo ele \u201cs\u00f3 servem para abrigar cabos  eleitorais que n\u00e3o fazem nada para a popula\u00e7\u00e3o\u201d.<\/p>\n<\/div>\n","protected":false},"excerpt":{"rendered":"<p>Marcos Mendes \u00e9 candidato ao governo pelo Psol Em nota, o candidato ao Governo do Estado pelo PSOL, Marcos Mendes, come\u00e7ou a tecer cr\u00edticas \u00e0 atual gest\u00e3o, que, segundo ele, privilegiou a contrata\u00e7\u00e3o de funcion\u00e1rios via Regime de Direito Administrativo (Reda), que tem contratos de dura\u00e7\u00e3o de dois a quatro anos, em detrimento da realiza\u00e7\u00e3o [&hellip;]<\/p>\n","protected":false},"author":1,"featured_media":0,"comment_status":"open","ping_status":"open","sticky":false,"template":"","format":"standard","meta":{"footnotes":"","_links_to":"","_links_to_target":""},"categories":[1],"tags":[],"class_list":["post-560","post","type-post","status-publish","format-standard","hentry","category-geral"],"views":1353,"_links":{"self":[{"href":"https:\/\/www.sudoestehoje.com.br\/novoportal\/wp-json\/wp\/v2\/posts\/560","targetHints":{"allow":["GET"]}}],"collection":[{"href":"https:\/\/www.sudoestehoje.com.br\/novoportal\/wp-json\/wp\/v2\/posts"}],"about":[{"href":"https:\/\/www.sudoestehoje.com.br\/novoportal\/wp-json\/wp\/v2\/types\/post"}],"author":[{"embeddable":true,"href":"https:\/\/www.sudoestehoje.com.br\/novoportal\/wp-json\/wp\/v2\/users\/1"}],"replies":[{"embeddable":true,"href":"https:\/\/www.sudoestehoje.com.br\/novoportal\/wp-json\/wp\/v2\/comments?post=560"}],"version-history":[{"count":1,"href":"https:\/\/www.sudoestehoje.com.br\/novoportal\/wp-json\/wp\/v2\/posts\/560\/revisions"}],"predecessor-version":[{"id":561,"href":"https:\/\/www.sudoestehoje.com.br\/novoportal\/wp-json\/wp\/v2\/posts\/560\/revisions\/561"}],"wp:attachment":[{"href":"https:\/\/www.sudoestehoje.com.br\/novoportal\/wp-json\/wp\/v2\/media?parent=560"}],"wp:term":[{"taxonomy":"category","embeddable":true,"href":"https:\/\/www.sudoestehoje.com.br\/novoportal\/wp-json\/wp\/v2\/categories?post=560"},{"taxonomy":"post_tag","embeddable":true,"href":"https:\/\/www.sudoestehoje.com.br\/novoportal\/wp-json\/wp\/v2\/tags?post=560"}],"curies":[{"name":"wp","href":"https:\/\/api.w.org\/{rel}","templated":true}]}}