
{"id":56,"date":"2010-09-16T00:01:12","date_gmt":"2010-09-16T03:01:12","guid":{"rendered":"http:\/\/sudoestehoje.tempsite.ws\/novoportal\/?p=56"},"modified":"2010-09-17T21:58:45","modified_gmt":"2010-09-18T00:58:45","slug":"xv-metacc-da-cooedita-comeca-nesta-quinta","status":"publish","type":"post","link":"https:\/\/www.sudoestehoje.com.br\/novoportal\/2010\/09\/16\/xv-metacc-da-cooedita-comeca-nesta-quinta\/","title":{"rendered":"XV METACC DA COOEDITA COME\u00c7A NESTA QUINTA"},"content":{"rendered":"<div style=\"text-align: center;\"><img loading=\"lazy\" decoding=\"async\" src=\"http:\/\/sudoestehoje.com.br\/web\/images\/stories\/metac.jpg\" border=\"0\" alt=\"\" width=\"449\" height=\"307\" \/><\/div>\n<div style=\"text-align: center;\"><\/div>\n<div style=\"text-align: justify;\">XV Mostra Estudantil de Talentos nas Artes C\u00eanicas e Ci\u00eancias da Cooedita &#8211; METACC, come\u00e7a nesta quinta-feira (17), com desfile pelas principais ruas de Itapetinga. A partir de sexta, come\u00e7am as apresenta\u00e7\u00f5es na Cooedita, encerrando no domingo, \u00e0 22h. A mostra estudantil apresenta como tema deste ano, os &#8220;Tra\u00e7os e Tra\u00e7ados no Mundo da Matem\u00e1tica&#8221;. Vale conferir.<\/div>\n","protected":false},"excerpt":{"rendered":"<p>XV Mostra Estudantil de Talentos nas Artes C\u00eanicas e Ci\u00eancias da Cooedita &#8211; METACC, come\u00e7a nesta quinta-feira (17), com desfile pelas principais ruas de Itapetinga. A partir de sexta, come\u00e7am as apresenta\u00e7\u00f5es na Cooedita, encerrando no domingo, \u00e0 22h. A mostra estudantil apresenta como tema deste ano, os &#8220;Tra\u00e7os e Tra\u00e7ados no Mundo da Matem\u00e1tica&#8221;. [&hellip;]<\/p>\n","protected":false},"author":1,"featured_media":0,"comment_status":"open","ping_status":"open","sticky":false,"template":"","format":"standard","meta":{"footnotes":"","_links_to":"","_links_to_target":""},"categories":[1],"tags":[],"class_list":["post-56","post","type-post","status-publish","format-standard","hentry","category-geral"],"views":2068,"_links":{"self":[{"href":"https:\/\/www.sudoestehoje.com.br\/novoportal\/wp-json\/wp\/v2\/posts\/56","targetHints":{"allow":["GET"]}}],"collection":[{"href":"https:\/\/www.sudoestehoje.com.br\/novoportal\/wp-json\/wp\/v2\/posts"}],"about":[{"href":"https:\/\/www.sudoestehoje.com.br\/novoportal\/wp-json\/wp\/v2\/types\/post"}],"author":[{"embeddable":true,"href":"https:\/\/www.sudoestehoje.com.br\/novoportal\/wp-json\/wp\/v2\/users\/1"}],"replies":[{"embeddable":true,"href":"https:\/\/www.sudoestehoje.com.br\/novoportal\/wp-json\/wp\/v2\/comments?post=56"}],"version-history":[{"count":1,"href":"https:\/\/www.sudoestehoje.com.br\/novoportal\/wp-json\/wp\/v2\/posts\/56\/revisions"}],"predecessor-version":[{"id":57,"href":"https:\/\/www.sudoestehoje.com.br\/novoportal\/wp-json\/wp\/v2\/posts\/56\/revisions\/57"}],"wp:attachment":[{"href":"https:\/\/www.sudoestehoje.com.br\/novoportal\/wp-json\/wp\/v2\/media?parent=56"}],"wp:term":[{"taxonomy":"category","embeddable":true,"href":"https:\/\/www.sudoestehoje.com.br\/novoportal\/wp-json\/wp\/v2\/categories?post=56"},{"taxonomy":"post_tag","embeddable":true,"href":"https:\/\/www.sudoestehoje.com.br\/novoportal\/wp-json\/wp\/v2\/tags?post=56"}],"curies":[{"name":"wp","href":"https:\/\/api.w.org\/{rel}","templated":true}]}}