
{"id":55996,"date":"2016-03-12T00:14:05","date_gmt":"2016-03-12T03:14:05","guid":{"rendered":"http:\/\/www.sudoestehoje.com.br\/novoportal\/?p=55996"},"modified":"2016-03-12T00:14:05","modified_gmt":"2016-03-12T03:14:05","slug":"itororo-marco-brito-estende-o-bolsa-familia-municipal-aos-distritos-de-rio-do-meio-e-itati","status":"publish","type":"post","link":"https:\/\/www.sudoestehoje.com.br\/novoportal\/2016\/03\/12\/itororo-marco-brito-estende-o-bolsa-familia-municipal-aos-distritos-de-rio-do-meio-e-itati\/","title":{"rendered":"ITOROR\u00d3: MARCO BRITO ESTENDE O BOLSA FAM\u00cdLIA MUNICIPAL AOS DISTRITOS DE RIO DO MEIO E ITAT\u00cd"},"content":{"rendered":"<p><a href=\"http:\/\/www.sudoestehoje.com.br\/novoportal\/wp-content\/uploads\/2016\/03\/BF-1.jpg\" rel=\"attachment wp-att-55997\"><img loading=\"lazy\" decoding=\"async\" class=\"aligncenter size-medium wp-image-55997\" src=\"http:\/\/www.sudoestehoje.com.br\/novoportal\/wp-content\/uploads\/2016\/03\/BF-1-500x333.jpg\" alt=\"BF 1\" width=\"500\" height=\"333\" srcset=\"https:\/\/www.sudoestehoje.com.br\/novoportal\/wp-content\/uploads\/2016\/03\/BF-1-500x333.jpg 500w, https:\/\/www.sudoestehoje.com.br\/novoportal\/wp-content\/uploads\/2016\/03\/BF-1-768x512.jpg 768w, https:\/\/www.sudoestehoje.com.br\/novoportal\/wp-content\/uploads\/2016\/03\/BF-1-700x467.jpg 700w, https:\/\/www.sudoestehoje.com.br\/novoportal\/wp-content\/uploads\/2016\/03\/BF-1.jpg 777w\" sizes=\"auto, (max-width: 500px) 100vw, 500px\" \/><\/a><\/p>\n<p>Nas noites de quinta e sexta-feira, o prefeito Marco Brito visitou os distritos de Itati e Rio do Meio para junto com sua comitiva entregar aos moradores das localidades a inscri\u00e7\u00e3o de muitos deles no \u201cPrograma Bolsa Fam\u00edlia Municipal\u201d, implantado no munic\u00edpio visando beneficiar diversas fam\u00edlias de Itoror\u00f3 que vivem em situa\u00e7\u00e3o de necessidade de um apoio financeiro em sua base familiar. O valor da contribui\u00e7\u00e3o \u00e9 de R$ 80.<\/p>\n<p><a href=\"http:\/\/www.sudoestehoje.com.br\/novoportal\/wp-content\/uploads\/2016\/03\/BF-2.jpg\" rel=\"attachment wp-att-55998\"><img loading=\"lazy\" decoding=\"async\" class=\"aligncenter size-medium wp-image-55998\" src=\"http:\/\/www.sudoestehoje.com.br\/novoportal\/wp-content\/uploads\/2016\/03\/BF-2-500x333.jpg\" alt=\"BF 2\" width=\"500\" height=\"333\" srcset=\"https:\/\/www.sudoestehoje.com.br\/novoportal\/wp-content\/uploads\/2016\/03\/BF-2-500x333.jpg 500w, https:\/\/www.sudoestehoje.com.br\/novoportal\/wp-content\/uploads\/2016\/03\/BF-2-768x512.jpg 768w, https:\/\/www.sudoestehoje.com.br\/novoportal\/wp-content\/uploads\/2016\/03\/BF-2-700x467.jpg 700w, https:\/\/www.sudoestehoje.com.br\/novoportal\/wp-content\/uploads\/2016\/03\/BF-2.jpg 777w\" sizes=\"auto, (max-width: 500px) 100vw, 500px\" \/><\/a><\/p>\n<p>O programa tem o primordial objetivo de atacar a evas\u00e3o escolar, subsidiando um auxilio aos genitores para que este mantenham suas crian\u00e7as na escola.\u00a0Desde janeiro as fam\u00edlias que s\u00e3o acompanhadas pela secretaria de assist\u00eancia social do munic\u00edpio poder\u00e3o receber o benef\u00edcio de R$ 80,00 ap\u00f3s se cadastrarem no setor que \u00e9 coordenado por dona Doralice Brito, secret\u00e1ria de a\u00e7\u00e3o social e m\u00e3e do prefeito Marco Brito.<\/p>\n<p><a href=\"http:\/\/www.sudoestehoje.com.br\/novoportal\/wp-content\/uploads\/2016\/03\/BF-5.jpg\" rel=\"attachment wp-att-55999\"><img loading=\"lazy\" decoding=\"async\" class=\"aligncenter size-medium wp-image-55999\" src=\"http:\/\/www.sudoestehoje.com.br\/novoportal\/wp-content\/uploads\/2016\/03\/BF-5-500x333.jpg\" alt=\"BF 5\" width=\"500\" height=\"333\" srcset=\"https:\/\/www.sudoestehoje.com.br\/novoportal\/wp-content\/uploads\/2016\/03\/BF-5-500x333.jpg 500w, https:\/\/www.sudoestehoje.com.br\/novoportal\/wp-content\/uploads\/2016\/03\/BF-5-768x512.jpg 768w, https:\/\/www.sudoestehoje.com.br\/novoportal\/wp-content\/uploads\/2016\/03\/BF-5-700x467.jpg 700w, https:\/\/www.sudoestehoje.com.br\/novoportal\/wp-content\/uploads\/2016\/03\/BF-5.jpg 777w\" sizes=\"auto, (max-width: 500px) 100vw, 500px\" \/><\/a><\/p>\n<p>\u201cAs fam\u00edlias dos distritos de Rio do Meio e Itati n\u00e3o poderiam ficar fora desse importante programa de benef\u00edcio do munic\u00edpio. Muitas fam\u00edlias dos distritos tamb\u00e9m vivem em situa\u00e7\u00e3o de necessidade extrema, por isso, o Governo do Bem III implantou esse Programa que trar\u00e1 melhor qualidade de vida a essas fam\u00edlias\u201d, afirmou Marco Brito.<\/p>\n<p><a href=\"http:\/\/www.sudoestehoje.com.br\/novoportal\/wp-content\/uploads\/2016\/03\/BF-3.jpg\" rel=\"attachment wp-att-56000\"><img loading=\"lazy\" decoding=\"async\" class=\"aligncenter size-medium wp-image-56000\" src=\"http:\/\/www.sudoestehoje.com.br\/novoportal\/wp-content\/uploads\/2016\/03\/BF-3-500x333.jpg\" alt=\"BF 3\" width=\"500\" height=\"333\" srcset=\"https:\/\/www.sudoestehoje.com.br\/novoportal\/wp-content\/uploads\/2016\/03\/BF-3-500x333.jpg 500w, https:\/\/www.sudoestehoje.com.br\/novoportal\/wp-content\/uploads\/2016\/03\/BF-3-768x512.jpg 768w, https:\/\/www.sudoestehoje.com.br\/novoportal\/wp-content\/uploads\/2016\/03\/BF-3-700x467.jpg 700w, https:\/\/www.sudoestehoje.com.br\/novoportal\/wp-content\/uploads\/2016\/03\/BF-3.jpg 777w\" sizes=\"auto, (max-width: 500px) 100vw, 500px\" \/><\/a><\/p>\n<p>Participaram do evento: o secret\u00e1rio de sa\u00fade Marcelo Andrade, a secret\u00e1ria de educa\u00e7\u00e3o Andreia Dias, os secret\u00e1rios municipais Eliete, Jonildo Rezende e S\u00edlvio Andrade, dona Doralice Brito secret\u00e1ria de a\u00e7\u00e3o social, Dilson Bracin, Walter Marques, os vereadores Dr. Gustavo, Cumpade Jo\u00e3o, C\u00f3, Sergipe, Toinho, l\u00edderes pol\u00edticos e da comunidade, representantes do com\u00e9rcio local e a popula\u00e7\u00e3o em massa.<\/p>\n<p><a href=\"http:\/\/www.sudoestehoje.com.br\/novoportal\/wp-content\/uploads\/2016\/03\/BF-4.jpg\" rel=\"attachment wp-att-56001\"><img loading=\"lazy\" decoding=\"async\" class=\"aligncenter size-medium wp-image-56001\" src=\"http:\/\/www.sudoestehoje.com.br\/novoportal\/wp-content\/uploads\/2016\/03\/BF-4-500x333.jpg\" alt=\"BF 4\" width=\"500\" height=\"333\" srcset=\"https:\/\/www.sudoestehoje.com.br\/novoportal\/wp-content\/uploads\/2016\/03\/BF-4-500x333.jpg 500w, https:\/\/www.sudoestehoje.com.br\/novoportal\/wp-content\/uploads\/2016\/03\/BF-4-768x512.jpg 768w, https:\/\/www.sudoestehoje.com.br\/novoportal\/wp-content\/uploads\/2016\/03\/BF-4-700x467.jpg 700w, https:\/\/www.sudoestehoje.com.br\/novoportal\/wp-content\/uploads\/2016\/03\/BF-4.jpg 777w\" sizes=\"auto, (max-width: 500px) 100vw, 500px\" \/><\/a><\/p>\n<p><strong><em>Informa\u00e7\u00f5es do Blog Itoror\u00f3 J\u00e1<\/em><\/strong><\/p>\n","protected":false},"excerpt":{"rendered":"<p>Nas noites de quinta e sexta-feira, o prefeito Marco Brito visitou os distritos de Itati e Rio do Meio para junto com sua comitiva entregar aos moradores das localidades a inscri\u00e7\u00e3o de muitos deles no \u201cPrograma Bolsa Fam\u00edlia Municipal\u201d, implantado no munic\u00edpio visando beneficiar diversas fam\u00edlias de Itoror\u00f3 que vivem em situa\u00e7\u00e3o de necessidade de [&hellip;]<\/p>\n","protected":false},"author":2,"featured_media":0,"comment_status":"open","ping_status":"open","sticky":false,"template":"","format":"standard","meta":{"footnotes":"","_links_to":"","_links_to_target":""},"categories":[1],"tags":[],"class_list":["post-55996","post","type-post","status-publish","format-standard","hentry","category-geral"],"views":2455,"_links":{"self":[{"href":"https:\/\/www.sudoestehoje.com.br\/novoportal\/wp-json\/wp\/v2\/posts\/55996","targetHints":{"allow":["GET"]}}],"collection":[{"href":"https:\/\/www.sudoestehoje.com.br\/novoportal\/wp-json\/wp\/v2\/posts"}],"about":[{"href":"https:\/\/www.sudoestehoje.com.br\/novoportal\/wp-json\/wp\/v2\/types\/post"}],"author":[{"embeddable":true,"href":"https:\/\/www.sudoestehoje.com.br\/novoportal\/wp-json\/wp\/v2\/users\/2"}],"replies":[{"embeddable":true,"href":"https:\/\/www.sudoestehoje.com.br\/novoportal\/wp-json\/wp\/v2\/comments?post=55996"}],"version-history":[{"count":1,"href":"https:\/\/www.sudoestehoje.com.br\/novoportal\/wp-json\/wp\/v2\/posts\/55996\/revisions"}],"predecessor-version":[{"id":56002,"href":"https:\/\/www.sudoestehoje.com.br\/novoportal\/wp-json\/wp\/v2\/posts\/55996\/revisions\/56002"}],"wp:attachment":[{"href":"https:\/\/www.sudoestehoje.com.br\/novoportal\/wp-json\/wp\/v2\/media?parent=55996"}],"wp:term":[{"taxonomy":"category","embeddable":true,"href":"https:\/\/www.sudoestehoje.com.br\/novoportal\/wp-json\/wp\/v2\/categories?post=55996"},{"taxonomy":"post_tag","embeddable":true,"href":"https:\/\/www.sudoestehoje.com.br\/novoportal\/wp-json\/wp\/v2\/tags?post=55996"}],"curies":[{"name":"wp","href":"https:\/\/api.w.org\/{rel}","templated":true}]}}