
{"id":55988,"date":"2016-03-10T19:06:36","date_gmt":"2016-03-10T22:06:36","guid":{"rendered":"http:\/\/www.sudoestehoje.com.br\/novoportal\/?p=55988"},"modified":"2016-03-10T19:06:36","modified_gmt":"2016-03-10T22:06:36","slug":"pegou-ministerio-publico-de-sao-paulo-pede-prisao-preventiva-de-lula","status":"publish","type":"post","link":"https:\/\/www.sudoestehoje.com.br\/novoportal\/2016\/03\/10\/pegou-ministerio-publico-de-sao-paulo-pede-prisao-preventiva-de-lula\/","title":{"rendered":"PEGOU! MINIST\u00c9RIO P\u00daBLICO DE S\u00c3O PAULO PEDE PRIS\u00c3O PREVENTIVA DE LULA"},"content":{"rendered":"<p><a href=\"http:\/\/www.sudoestehoje.com.br\/novoportal\/wp-content\/uploads\/2016\/03\/MP-S\u00c3O-PAULO.jpeg\" rel=\"attachment wp-att-55989\"><img loading=\"lazy\" decoding=\"async\" class=\"aligncenter size-medium wp-image-55989\" src=\"http:\/\/www.sudoestehoje.com.br\/novoportal\/wp-content\/uploads\/2016\/03\/MP-S\u00c3O-PAULO-500x315.jpeg\" alt=\"MP S\u00c3O PAULO\" width=\"500\" height=\"315\" srcset=\"https:\/\/www.sudoestehoje.com.br\/novoportal\/wp-content\/uploads\/2016\/03\/MP-S\u00c3O-PAULO-500x315.jpeg 500w, https:\/\/www.sudoestehoje.com.br\/novoportal\/wp-content\/uploads\/2016\/03\/MP-S\u00c3O-PAULO.jpeg 620w\" sizes=\"auto, (max-width: 500px) 100vw, 500px\" \/><\/a><\/p>\n<p>O Minist\u00e9rio P\u00fablico de S\u00e3o Paulo (MP-SP) pediu a pris\u00e3o preventiva do ex-presidente Luiz In\u00e1cio Lula da Silva na den\u00fancia protocolada nesta quarta-feira (9). De acordo com o Estado de S. Paulo, al\u00e9m de Lula, o MP pediu a pris\u00e3o do ex-tesoureiro do PT Jo\u00e3o Vaccari Neto, do empreiteiro da OAS L\u00e9o Pinheiro e de outros dois investigados.<\/p>\n<p>Na den\u00fancia, Lula \u00e9 acusado de lavagem de dinheiro e falsidade ideol\u00f3gica por supostamente ocultar a propriedade do triplex no condom\u00ednio Solaris, no Guaruj\u00e1 (SP) \u2013 oficialmente registrado em nome da OAS.<\/p>\n<p>O caso completo tem 102 p\u00e1ginas assinadas pelos promotores C\u00e1ssio Conserino, Jos\u00e9 Carlos Blat e Fernando Henrique Moraes de Ara\u00fajo.<\/p>\n","protected":false},"excerpt":{"rendered":"<p>O Minist\u00e9rio P\u00fablico de S\u00e3o Paulo (MP-SP) pediu a pris\u00e3o preventiva do ex-presidente Luiz In\u00e1cio Lula da Silva na den\u00fancia protocolada nesta quarta-feira (9). De acordo com o Estado de S. Paulo, al\u00e9m de Lula, o MP pediu a pris\u00e3o do ex-tesoureiro do PT Jo\u00e3o Vaccari Neto, do empreiteiro da OAS L\u00e9o Pinheiro e de [&hellip;]<\/p>\n","protected":false},"author":2,"featured_media":0,"comment_status":"open","ping_status":"open","sticky":false,"template":"","format":"standard","meta":{"footnotes":"","_links_to":"","_links_to_target":""},"categories":[1],"tags":[],"class_list":["post-55988","post","type-post","status-publish","format-standard","hentry","category-geral"],"views":1286,"_links":{"self":[{"href":"https:\/\/www.sudoestehoje.com.br\/novoportal\/wp-json\/wp\/v2\/posts\/55988","targetHints":{"allow":["GET"]}}],"collection":[{"href":"https:\/\/www.sudoestehoje.com.br\/novoportal\/wp-json\/wp\/v2\/posts"}],"about":[{"href":"https:\/\/www.sudoestehoje.com.br\/novoportal\/wp-json\/wp\/v2\/types\/post"}],"author":[{"embeddable":true,"href":"https:\/\/www.sudoestehoje.com.br\/novoportal\/wp-json\/wp\/v2\/users\/2"}],"replies":[{"embeddable":true,"href":"https:\/\/www.sudoestehoje.com.br\/novoportal\/wp-json\/wp\/v2\/comments?post=55988"}],"version-history":[{"count":1,"href":"https:\/\/www.sudoestehoje.com.br\/novoportal\/wp-json\/wp\/v2\/posts\/55988\/revisions"}],"predecessor-version":[{"id":55990,"href":"https:\/\/www.sudoestehoje.com.br\/novoportal\/wp-json\/wp\/v2\/posts\/55988\/revisions\/55990"}],"wp:attachment":[{"href":"https:\/\/www.sudoestehoje.com.br\/novoportal\/wp-json\/wp\/v2\/media?parent=55988"}],"wp:term":[{"taxonomy":"category","embeddable":true,"href":"https:\/\/www.sudoestehoje.com.br\/novoportal\/wp-json\/wp\/v2\/categories?post=55988"},{"taxonomy":"post_tag","embeddable":true,"href":"https:\/\/www.sudoestehoje.com.br\/novoportal\/wp-json\/wp\/v2\/tags?post=55988"}],"curies":[{"name":"wp","href":"https:\/\/api.w.org\/{rel}","templated":true}]}}