
{"id":55981,"date":"2016-03-10T15:27:00","date_gmt":"2016-03-10T18:27:00","guid":{"rendered":"http:\/\/www.sudoestehoje.com.br\/novoportal\/?p=55981"},"modified":"2016-03-10T15:37:28","modified_gmt":"2016-03-10T18:37:28","slug":"urgente-grupo-de-antonio-brito-em-itapetinga-desembarca-no-pr","status":"publish","type":"post","link":"https:\/\/www.sudoestehoje.com.br\/novoportal\/2016\/03\/10\/urgente-grupo-de-antonio-brito-em-itapetinga-desembarca-no-pr\/","title":{"rendered":"URGENTE! GRUPO DE ANT\u00d4NIO BRITO EM ITAPETINGA DESEMBARCA NO PR"},"content":{"rendered":"<div id=\"attachment_55982\" style=\"width: 510px\" class=\"wp-caption aligncenter\"><a href=\"http:\/\/www.sudoestehoje.com.br\/novoportal\/wp-content\/uploads\/2016\/03\/leo-e-ministro.jpg\" rel=\"attachment wp-att-55982\"><img loading=\"lazy\" decoding=\"async\" aria-describedby=\"caption-attachment-55982\" class=\"size-medium wp-image-55982\" src=\"http:\/\/www.sudoestehoje.com.br\/novoportal\/wp-content\/uploads\/2016\/03\/leo-e-ministro-500x385.jpg\" alt=\"Leonardo Matos, agora no PR, posou ao lado do ministro dos transportes \" width=\"500\" height=\"385\" srcset=\"https:\/\/www.sudoestehoje.com.br\/novoportal\/wp-content\/uploads\/2016\/03\/leo-e-ministro-500x385.jpg 500w, https:\/\/www.sudoestehoje.com.br\/novoportal\/wp-content\/uploads\/2016\/03\/leo-e-ministro.jpg 666w\" sizes=\"auto, (max-width: 500px) 100vw, 500px\" \/><\/a><p id=\"caption-attachment-55982\" class=\"wp-caption-text\"><strong><em>Leonardo Matos, agora no PR, posou ao lado do Ministro dos Transportes Ant\u00f4nio Carlos Rodrigues<\/em><\/strong><\/p><\/div>\n<p>Depois da decis\u00e3o do deputado federal Ant\u00f4nio Brito de sair do PTB e se filiar ao PSD, os meios pol\u00edticos em Itapetinga entraram em ebuli\u00e7\u00e3o, com as especula\u00e7\u00f5es dominando o cen\u00e1rio pol\u00edtico local.<\/p>\n<p>A grande d\u00favida que ficou no ar, no primeiro momento, foi com quem ficaria o controle do PSD no munic\u00edpio, o que preocupou os antigos filiados e dirigentes do partido, que tamb\u00e9m n\u00e3o tinham as respostas, apesar de afirmarem que os petebistas de Ant\u00f4nio Brito seriam bem recebidos no PSD.<\/p>\n<div id=\"attachment_55985\" style=\"width: 490px\" class=\"wp-caption aligncenter\"><a href=\"http:\/\/www.sudoestehoje.com.br\/novoportal\/wp-content\/uploads\/2016\/03\/leo-e-j-carlos-Ara\u00fajo.jpg\" rel=\"attachment wp-att-55985\"><img loading=\"lazy\" decoding=\"async\" aria-describedby=\"caption-attachment-55985\" class=\"size-full wp-image-55985\" src=\"http:\/\/www.sudoestehoje.com.br\/novoportal\/wp-content\/uploads\/2016\/03\/leo-e-j-carlos-Ara\u00fajo.jpg\" alt=\"Deputado Jos\u00e9 Carlos Ara\u00fajo (PR), ao lado de L\u00e9o Matos e Dr. Reinaldo\" width=\"480\" height=\"349\" \/><\/a><p id=\"caption-attachment-55985\" class=\"wp-caption-text\"><strong><em>Deputado Jos\u00e9 Carlos Ara\u00fajo (PR), ao lado de L\u00e9o Matos e Dr. Reinaldo<\/em><\/strong><\/p><\/div>\n<p>No in\u00edcio da tarde desta quinta, entretanto, a resposta a todas as especula\u00e7\u00f5es e questionamentos chegou \u00e0 galope, com a confirma\u00e7\u00e3o de que os petebistas de Itapetinga iriam se filiar ao PR &#8211; Partido da Rep\u00fablica, tamb\u00e9m da base aliada ao governo.<\/p>\n<p>Com a filia\u00e7\u00e3o de L\u00e9o Matos, K\u00e1tia Espinheira e demais filiados do PTB ao PR, fica equacionada a demanda relativa a chapa de candidatos a vereador, que n\u00e3o poderiam ser acomodados no PSD, devido aos compromissos anteriormente assumidos por Alfredo Cabral e Al\u00e9cio Chaves com seus pr\u00e9-candidatos.<\/p>\n<div id=\"attachment_55986\" style=\"width: 510px\" class=\"wp-caption aligncenter\"><a href=\"http:\/\/www.sudoestehoje.com.br\/novoportal\/wp-content\/uploads\/2016\/03\/leo-brito-e-ministro.jpg\" rel=\"attachment wp-att-55986\"><img loading=\"lazy\" decoding=\"async\" aria-describedby=\"caption-attachment-55986\" class=\"size-medium wp-image-55986\" src=\"http:\/\/www.sudoestehoje.com.br\/novoportal\/wp-content\/uploads\/2016\/03\/leo-brito-e-ministro-500x438.jpg\" alt=\"Deputado Ant\u00f4nio Brito, Leonardo Matos e o Ministro Ant\u00f4nio Carlos Rodrigues \" width=\"500\" height=\"438\" srcset=\"https:\/\/www.sudoestehoje.com.br\/novoportal\/wp-content\/uploads\/2016\/03\/leo-brito-e-ministro-500x438.jpg 500w, https:\/\/www.sudoestehoje.com.br\/novoportal\/wp-content\/uploads\/2016\/03\/leo-brito-e-ministro-768x672.jpg 768w, https:\/\/www.sudoestehoje.com.br\/novoportal\/wp-content\/uploads\/2016\/03\/leo-brito-e-ministro-700x613.jpg 700w, https:\/\/www.sudoestehoje.com.br\/novoportal\/wp-content\/uploads\/2016\/03\/leo-brito-e-ministro.jpg 960w\" sizes=\"auto, (max-width: 500px) 100vw, 500px\" \/><\/a><p id=\"caption-attachment-55986\" class=\"wp-caption-text\"><strong><em>Deputado Ant\u00f4nio Brito, Leonardo Matos e o Ministro Ant\u00f4nio Carlos Rodrigues<\/em><\/strong><\/p><\/div>\n<p>A filia\u00e7\u00e3o em massa dos petebistas de Itapetinga ao PR dever\u00e1 ocorrer at\u00e9 a pr\u00f3xima segunda-feira, quando se definir\u00e1 a nova Comiss\u00e3o Executiva Provis\u00f3ria no munic\u00edpio, sob o comando de Leonardo Matos, K\u00e1tia e seus correligion\u00e1rios.<\/p>\n<p><strong><em>Por Davi Ferraz<\/em><\/strong><\/p>\n","protected":false},"excerpt":{"rendered":"<p>Depois da decis\u00e3o do deputado federal Ant\u00f4nio Brito de sair do PTB e se filiar ao PSD, os meios pol\u00edticos em Itapetinga entraram em ebuli\u00e7\u00e3o, com as especula\u00e7\u00f5es dominando o cen\u00e1rio pol\u00edtico local. A grande d\u00favida que ficou no ar, no primeiro momento, foi com quem ficaria o controle do PSD no munic\u00edpio, o que [&hellip;]<\/p>\n","protected":false},"author":2,"featured_media":0,"comment_status":"open","ping_status":"open","sticky":false,"template":"","format":"standard","meta":{"footnotes":"","_links_to":"","_links_to_target":""},"categories":[1],"tags":[],"class_list":["post-55981","post","type-post","status-publish","format-standard","hentry","category-geral"],"views":2213,"_links":{"self":[{"href":"https:\/\/www.sudoestehoje.com.br\/novoportal\/wp-json\/wp\/v2\/posts\/55981","targetHints":{"allow":["GET"]}}],"collection":[{"href":"https:\/\/www.sudoestehoje.com.br\/novoportal\/wp-json\/wp\/v2\/posts"}],"about":[{"href":"https:\/\/www.sudoestehoje.com.br\/novoportal\/wp-json\/wp\/v2\/types\/post"}],"author":[{"embeddable":true,"href":"https:\/\/www.sudoestehoje.com.br\/novoportal\/wp-json\/wp\/v2\/users\/2"}],"replies":[{"embeddable":true,"href":"https:\/\/www.sudoestehoje.com.br\/novoportal\/wp-json\/wp\/v2\/comments?post=55981"}],"version-history":[{"count":3,"href":"https:\/\/www.sudoestehoje.com.br\/novoportal\/wp-json\/wp\/v2\/posts\/55981\/revisions"}],"predecessor-version":[{"id":55987,"href":"https:\/\/www.sudoestehoje.com.br\/novoportal\/wp-json\/wp\/v2\/posts\/55981\/revisions\/55987"}],"wp:attachment":[{"href":"https:\/\/www.sudoestehoje.com.br\/novoportal\/wp-json\/wp\/v2\/media?parent=55981"}],"wp:term":[{"taxonomy":"category","embeddable":true,"href":"https:\/\/www.sudoestehoje.com.br\/novoportal\/wp-json\/wp\/v2\/categories?post=55981"},{"taxonomy":"post_tag","embeddable":true,"href":"https:\/\/www.sudoestehoje.com.br\/novoportal\/wp-json\/wp\/v2\/tags?post=55981"}],"curies":[{"name":"wp","href":"https:\/\/api.w.org\/{rel}","templated":true}]}}