
{"id":55977,"date":"2016-03-09T21:34:50","date_gmt":"2016-03-10T00:34:50","guid":{"rendered":"http:\/\/www.sudoestehoje.com.br\/novoportal\/?p=55977"},"modified":"2016-03-09T21:34:50","modified_gmt":"2016-03-10T00:34:50","slug":"vereador-alfredo-cabral-ve-como-positiva-a-filiacao-de-antonio-brito-ao-psd","status":"publish","type":"post","link":"https:\/\/www.sudoestehoje.com.br\/novoportal\/2016\/03\/09\/vereador-alfredo-cabral-ve-como-positiva-a-filiacao-de-antonio-brito-ao-psd\/","title":{"rendered":"VEREADOR ALFREDO CABRAL V\u00ca COMO POSITIVA A FILIA\u00c7\u00c3O DE ANT\u00d4NIO BRITO AO PSD"},"content":{"rendered":"<p><img loading=\"lazy\" decoding=\"async\" class=\"aligncenter\" src=\"http:\/\/www.sudoestehoje.com.br\/novoportal\/wp-content\/uploads\/2011\/12\/ALFREDO-OTTO-1.jpg\" alt=\"\" width=\"500\" height=\"375\" \/><\/p>\n<p>Ao contrario do que vem se especulando nos meios pol\u00edticos locais e regionais, a filia\u00e7\u00e3o do deputado federal Ant\u00f4nio Brito e seu grupo ao PSD, n\u00e3o trar\u00e1 qualquer preju\u00edzo nem conflito com a atual dire\u00e7\u00e3o do partido em Itapetinga.<\/p>\n<p>Em contato com a nossa reda\u00e7\u00e3o, o vereador Alfredo Cabral de Assis, atual presidente da sigla em Itapetinga, afirmou que recebeu com naturalidade a filia\u00e7\u00e3o do deputado ao PSD, que no seu entender refor\u00e7ar\u00e1 ainda mais a pr\u00e9-candidatura do vice-prefeito Al\u00e9cio Chaves, cujo nome vem crescendo e obtendo destaque em todas as avalia\u00e7\u00f5es at\u00e9 aqui realizadas.<\/p>\n<p>Quanto \u00e0 sua perman\u00eancia na presid\u00eancia da sigla no munic\u00edpio, Alfredo diz estar tranquilo e confiante no senador Otto Alencar, que nunca teve o h\u00e1bito de fazer composi\u00e7\u00f5es pol\u00edticas sacrificando seus correligion\u00e1rios.<\/p>\n<p>Para Alfredo, os integrantes do PTB v\u00eam para somar e refor\u00e7ar ainda mais o PSD, que cresce e se qualifica como principal partido da base aliada ao governo do estado em Itapetinga.<\/p>\n<p><strong><em>Por Davi Ferraz<\/em><\/strong><\/p>\n","protected":false},"excerpt":{"rendered":"<p>Ao contrario do que vem se especulando nos meios pol\u00edticos locais e regionais, a filia\u00e7\u00e3o do deputado federal Ant\u00f4nio Brito e seu grupo ao PSD, n\u00e3o trar\u00e1 qualquer preju\u00edzo nem conflito com a atual dire\u00e7\u00e3o do partido em Itapetinga. Em contato com a nossa reda\u00e7\u00e3o, o vereador Alfredo Cabral de Assis, atual presidente da sigla [&hellip;]<\/p>\n","protected":false},"author":2,"featured_media":0,"comment_status":"open","ping_status":"open","sticky":false,"template":"","format":"standard","meta":{"footnotes":"","_links_to":"","_links_to_target":""},"categories":[1],"tags":[],"class_list":["post-55977","post","type-post","status-publish","format-standard","hentry","category-geral"],"views":1326,"_links":{"self":[{"href":"https:\/\/www.sudoestehoje.com.br\/novoportal\/wp-json\/wp\/v2\/posts\/55977","targetHints":{"allow":["GET"]}}],"collection":[{"href":"https:\/\/www.sudoestehoje.com.br\/novoportal\/wp-json\/wp\/v2\/posts"}],"about":[{"href":"https:\/\/www.sudoestehoje.com.br\/novoportal\/wp-json\/wp\/v2\/types\/post"}],"author":[{"embeddable":true,"href":"https:\/\/www.sudoestehoje.com.br\/novoportal\/wp-json\/wp\/v2\/users\/2"}],"replies":[{"embeddable":true,"href":"https:\/\/www.sudoestehoje.com.br\/novoportal\/wp-json\/wp\/v2\/comments?post=55977"}],"version-history":[{"count":2,"href":"https:\/\/www.sudoestehoje.com.br\/novoportal\/wp-json\/wp\/v2\/posts\/55977\/revisions"}],"predecessor-version":[{"id":55980,"href":"https:\/\/www.sudoestehoje.com.br\/novoportal\/wp-json\/wp\/v2\/posts\/55977\/revisions\/55980"}],"wp:attachment":[{"href":"https:\/\/www.sudoestehoje.com.br\/novoportal\/wp-json\/wp\/v2\/media?parent=55977"}],"wp:term":[{"taxonomy":"category","embeddable":true,"href":"https:\/\/www.sudoestehoje.com.br\/novoportal\/wp-json\/wp\/v2\/categories?post=55977"},{"taxonomy":"post_tag","embeddable":true,"href":"https:\/\/www.sudoestehoje.com.br\/novoportal\/wp-json\/wp\/v2\/tags?post=55977"}],"curies":[{"name":"wp","href":"https:\/\/api.w.org\/{rel}","templated":true}]}}